{"id":325089,"date":"2024-03-20T16:16:41","date_gmt":"2024-03-20T13:16:41","guid":{"rendered":"https:\/\/sana.sy\/es\/?p=325089"},"modified":"2024-03-20T16:16:41","modified_gmt":"2024-03-20T13:16:41","slug":"los-mas-destacados-desarrollos-de-la-agresion-israeli-contra-gaza","status":"publish","type":"post","link":"https:\/\/archive.sana.sy\/es\/?p=325089","title":{"rendered":"Los m\u00e1s destacados desarrollos de la agresi\u00f3n israel\u00ed contra Gaza"},"content":{"rendered":"<p style=\"text-align: justify;\"><span style=\"color: #800000;\"><strong>Jerusal\u00e9n ocupada, 20 mar (SANA)<\/strong><\/span> <strong>A continuaci\u00f3n, los sucesos m\u00e1s destacados relativos a la guerra de genocidio israel\u00ed contra la Franja de Gaza:<\/strong><br \/>\n???????? El ocupante mantiene su asedio al hospital Al-Shifa en Gaza y bombardea sus alrededores.<\/p>\n<p style=\"text-align: justify;\">???????? \u00a0El n\u00famero de v\u00edctimas durante 166 d\u00edas de agresi\u00f3n contra Gaza ha aumentado a 31.923 muertos y 74.096 heridos.<\/p>\n<p style=\"text-align: justify;\">???????? \u00a0Durante las \u00faltimas 24 horas, el ocupante cometi\u00f3 10 masacres dejando 104 muertos y 162 heridos.<\/p>\n<p style=\"text-align: justify;\">???????? \u00a0Medios de prensa palestinos: 4 muertos y varios heridos en bombardeo israel\u00ed contra una casa al este de la ciudad de Rafah.<\/p>\n<p style=\"text-align: justify;\">???????? M\u00e1s de 47 muertos en dos nuevas masacres israel\u00edes contra palestinos que esperaban ayuda humanitaria.<\/p>\n<p style=\"text-align: justify;\">???????? Canad\u00e1 deja de exportar armas a la entidad israel\u00ed.<\/p>\n<p style=\"text-align: justify;\">????????20 muertos y decenas de heridos, la mayor\u00eda ni\u00f1os y mujeres, en bombardeo israel\u00ed contra un edificio residencial al oeste de la ciudad de Gaza.<\/p>\n<p style=\"text-align: justify;\">\n","protected":false},"excerpt":{"rendered":"<p>Jerusal\u00e9n ocupada, 20 mar (SANA) A continuaci\u00f3n, los sucesos m\u00e1s destacados relativos a la guerra de genocidio israel\u00ed contra la Franja de Gaza: ???????? El ocupante mantiene su asedio al hospital Al-Shifa en Gaza y bombardea sus alrededores. ???????? \u00a0El n\u00famero de v\u00edctimas durante 166 d\u00edas de agresi\u00f3n contra Gaza ha aumentado a 31.923 muertos &hellip;<\/p>\n","protected":false},"author":42,"featured_media":325090,"comment_status":"closed","ping_status":"closed","sticky":false,"template":"","format":"standard","meta":{"footnotes":""},"categories":[597,456,16687,20724,7541],"tags":[],"class_list":["post-325089","post","type-post","status-publish","format-standard","has-post-thumbnail","","category-cinta-de-noticias","category-arabe-internacional-politica","category-internacionales","category-minuto-a-minuto","category-ultimas-noticias"],"_links":{"self":[{"href":"https:\/\/archive.sana.sy\/es\/index.php?rest_route=\/wp\/v2\/posts\/325089"}],"collection":[{"href":"https:\/\/archive.sana.sy\/es\/index.php?rest_route=\/wp\/v2\/posts"}],"about":[{"href":"https:\/\/archive.sana.sy\/es\/index.php?rest_route=\/wp\/v2\/types\/post"}],"author":[{"embeddable":true,"href":"https:\/\/archive.sana.sy\/es\/index.php?rest_route=\/wp\/v2\/users\/42"}],"replies":[{"embeddable":true,"href":"https:\/\/archive.sana.sy\/es\/index.php?rest_route=%2Fwp%2Fv2%2Fcomments&post=325089"}],"version-history":[{"count":1,"href":"https:\/\/archive.sana.sy\/es\/index.php?rest_route=\/wp\/v2\/posts\/325089\/revisions"}],"predecessor-version":[{"id":325091,"href":"https:\/\/archive.sana.sy\/es\/index.php?rest_route=\/wp\/v2\/posts\/325089\/revisions\/325091"}],"wp:featuredmedia":[{"embeddable":true,"href":"https:\/\/archive.sana.sy\/es\/index.php?rest_route=\/wp\/v2\/media\/325090"}],"wp:attachment":[{"href":"https:\/\/archive.sana.sy\/es\/index.php?rest_route=%2Fwp%2Fv2%2Fmedia&parent=325089"}],"wp:term":[{"taxonomy":"category","embeddable":true,"href":"https:\/\/archive.sana.sy\/es\/index.php?rest_route=%2Fwp%2Fv2%2Fcategories&post=325089"},{"taxonomy":"post_tag","embeddable":true,"href":"https:\/\/archive.sana.sy\/es\/index.php?rest_route=%2Fwp%2Fv2%2Ftags&post=325089"}],"curies":[{"name":"wp","href":"https:\/\/api.w.org\/{rel}","templated":true}]}}