{"id":325140,"date":"2024-03-21T08:56:24","date_gmt":"2024-03-21T05:56:24","guid":{"rendered":"https:\/\/sana.sy\/es\/?p=325140"},"modified":"2024-03-21T12:46:38","modified_gmt":"2024-03-21T09:46:38","slug":"celebran-en-siria-aniversario-del-lanzamiento-del-programa-de-cooperacion-tecnica-y-economica-de-la-india-itec","status":"publish","type":"post","link":"https:\/\/archive.sana.sy\/es\/?p=325140","title":{"rendered":"Celebran en Siria aniversario del lanzamiento del Programa de Cooperaci\u00f3n T\u00e9cnica y Econ\u00f3mica de la India (ITEC). (+ Fotos)"},"content":{"rendered":"<p style=\"text-align: justify;\"><span style=\"color: #800000;\"><strong>Damasco, 21 mar (SANA)<\/strong><\/span> La Embajada de la India en Damasco celebr\u00f3 el aniversario del lanzamiento del Programa de Cooperaci\u00f3n T\u00e9cnica y Econ\u00f3mica de la India.<\/p>\n<p style=\"text-align: justify;\">El embajador indio Irshad Ahmed, explic\u00f3 en unas palabras, que el programa contribuy\u00f3 a fomentar las relaciones entre los pueblos sirio e indio y el intercambio cultural entre los dos pa\u00edses, y refleja la antigua filosof\u00eda india que en la adquisici\u00f3n de los conocimientos y compartirlos al mismo tiempo.<\/p>\n<p style=\"text-align: justify;\">El embajador Ahmed explic\u00f3 que el programa se lanz\u00f3 en 1964 y se ha convertido en un elemento importante de la cooperaci\u00f3n para el desarrollo de la India.<a href=\"http:\/\/sana.sy\/es\/wp-content\/uploads\/2024\/03\/DSC_6077-300x200-1.jpg\"><img loading=\"lazy\" decoding=\"async\" class=\" wp-image-325154 alignright\" src=\"http:\/\/sana.sy\/es\/wp-content\/uploads\/2024\/03\/DSC_6077-300x200-1.jpg\" alt=\"\" width=\"294\" height=\"196\" srcset=\"https:\/\/archive.sana.sy\/es\/wp-content\/uploads\/2024\/03\/DSC_6077-300x200-1.jpg 300w, https:\/\/archive.sana.sy\/es\/wp-content\/uploads\/2024\/03\/DSC_6077-300x200-1-150x100.jpg 150w\" sizes=\"(max-width: 294px) 100vw, 294px\" \/><\/a><\/p>\n<p style=\"text-align: justify;\">\u201cDesde su lanzamiento, se han beneficiado m\u00e1s de 200.000 empleados de m\u00e1s de 160 pa\u00edses. La India tambi\u00e9n ofrece alrededor de 14.000 becas de formaci\u00f3n a m\u00e1s de 100 pa\u00edses\u201d, puntualiz\u00f3.<\/p>\n<p style=\"text-align: justify;\">Seg\u00fan el diplom\u00e1tico, se han asignado 90 becas de formaci\u00f3n a Siria durante los a\u00f1os 2023-2024.<\/p>\n<p style=\"text-align: justify;\">El director del Instituto Diplom\u00e1tico del Ministerio de Asuntos Exteriores y Expatriados, Imad Mustafa, destac\u00f3 los fundamentos y las constantes que unieron la India y Siria durante muchas d\u00e9cadas.<\/p>\n<p style=\"text-align: justify;\">Decenas de ilustres personalidades sirias con especializaciones se beneficiaron del programa \u201cITEC\u201d y regresaron a Siria y contribuyeron al renacimiento y desarrollo de su pa\u00eds en los campos t\u00e9cnicos y en sus diversas especialidades, afirm\u00f3.<a href=\"http:\/\/sana.sy\/es\/wp-content\/uploads\/2024\/03\/DSC_6117-300x200-1.jpg\"><img loading=\"lazy\" decoding=\"async\" class=\" wp-image-325157 alignright\" src=\"http:\/\/sana.sy\/es\/wp-content\/uploads\/2024\/03\/DSC_6117-300x200-1.jpg\" alt=\"\" width=\"255\" height=\"170\" srcset=\"https:\/\/archive.sana.sy\/es\/wp-content\/uploads\/2024\/03\/DSC_6117-300x200-1.jpg 300w, https:\/\/archive.sana.sy\/es\/wp-content\/uploads\/2024\/03\/DSC_6117-300x200-1-150x100.jpg 150w\" sizes=\"(max-width: 255px) 100vw, 255px\" \/><\/a><\/p>\n<p style=\"text-align: justify;\">Agreg\u00f3 que la India es un pa\u00eds que fue capaz de romper las barreras de la pobreza y el atraso resultantes del colonialismo brit\u00e1nico y que traz\u00f3 un gran camino hacia el \u00e9xito, el progreso y la prosperidad, especialmente en los sectores de la tecnolog\u00eda de la informaci\u00f3n y la ingenier\u00eda de software, adem\u00e1s de la Industria cinematogr\u00e1fica india, que es dominante en todo el mundo.<\/p>\n<p>&nbsp;<\/p>\n<div id='gallery-1' class='gallery galleryid-325140 gallery-columns-1 gallery-size-full'><figure class='gallery-item'>\n\t\t\t<div class='gallery-icon landscape'>\n\t\t\t\t<a href='https:\/\/archive.sana.sy\/es\/wp-content\/uploads\/2024\/03\/Siria-y-Venezuela-examinan-relaciones-de-cooperacion-conjunta-en-materia-agricola-1.jpeg'><img loading=\"lazy\" decoding=\"async\" width=\"660\" height=\"330\" src=\"https:\/\/archive.sana.sy\/es\/wp-content\/uploads\/2024\/03\/Siria-y-Venezuela-examinan-relaciones-de-cooperacion-conjunta-en-materia-agricola-1.jpeg\" class=\"attachment-full size-full\" alt=\"\" srcset=\"https:\/\/archive.sana.sy\/es\/wp-content\/uploads\/2024\/03\/Siria-y-Venezuela-examinan-relaciones-de-cooperacion-conjunta-en-materia-agricola-1.jpeg 660w, https:\/\/archive.sana.sy\/es\/wp-content\/uploads\/2024\/03\/Siria-y-Venezuela-examinan-relaciones-de-cooperacion-conjunta-en-materia-agricola-1-300x150.jpeg 300w, https:\/\/archive.sana.sy\/es\/wp-content\/uploads\/2024\/03\/Siria-y-Venezuela-examinan-relaciones-de-cooperacion-conjunta-en-materia-agricola-1-150x75.jpeg 150w\" sizes=\"(max-width: 660px) 100vw, 660px\" \/><\/a>\n\t\t\t<\/div><\/figure><figure class='gallery-item'>\n\t\t\t<div class='gallery-icon landscape'>\n\t\t\t\t<a href='https:\/\/archive.sana.sy\/es\/wp-content\/uploads\/2024\/03\/Celebran-en-Siria-aniversario-del-lanzamiento-del-Programa-de-Cooperacion-Tecnica-y-Economica-de-la-India-ITEC-1.jpeg'><img loading=\"lazy\" decoding=\"async\" width=\"660\" height=\"330\" src=\"https:\/\/archive.sana.sy\/es\/wp-content\/uploads\/2024\/03\/Celebran-en-Siria-aniversario-del-lanzamiento-del-Programa-de-Cooperacion-Tecnica-y-Economica-de-la-India-ITEC-1.jpeg\" class=\"attachment-full size-full\" alt=\"\" srcset=\"https:\/\/archive.sana.sy\/es\/wp-content\/uploads\/2024\/03\/Celebran-en-Siria-aniversario-del-lanzamiento-del-Programa-de-Cooperacion-Tecnica-y-Economica-de-la-India-ITEC-1.jpeg 660w, https:\/\/archive.sana.sy\/es\/wp-content\/uploads\/2024\/03\/Celebran-en-Siria-aniversario-del-lanzamiento-del-Programa-de-Cooperacion-Tecnica-y-Economica-de-la-India-ITEC-1-300x150.jpeg 300w, https:\/\/archive.sana.sy\/es\/wp-content\/uploads\/2024\/03\/Celebran-en-Siria-aniversario-del-lanzamiento-del-Programa-de-Cooperacion-Tecnica-y-Economica-de-la-India-ITEC-1-150x75.jpeg 150w\" sizes=\"(max-width: 660px) 100vw, 660px\" \/><\/a>\n\t\t\t<\/div><\/figure><figure class='gallery-item'>\n\t\t\t<div class='gallery-icon landscape'>\n\t\t\t\t<a href='https:\/\/archive.sana.sy\/es\/wp-content\/uploads\/2024\/03\/DSC_6082.jpg'><img loading=\"lazy\" decoding=\"async\" width=\"660\" height=\"444\" src=\"https:\/\/archive.sana.sy\/es\/wp-content\/uploads\/2024\/03\/DSC_6082.jpg\" class=\"attachment-full size-full\" alt=\"\" srcset=\"https:\/\/archive.sana.sy\/es\/wp-content\/uploads\/2024\/03\/DSC_6082.jpg 660w, https:\/\/archive.sana.sy\/es\/wp-content\/uploads\/2024\/03\/DSC_6082-300x202.jpg 300w, https:\/\/archive.sana.sy\/es\/wp-content\/uploads\/2024\/03\/DSC_6082-150x101.jpg 150w, https:\/\/archive.sana.sy\/es\/wp-content\/uploads\/2024\/03\/DSC_6082-110x75.jpg 110w\" sizes=\"(max-width: 660px) 100vw, 660px\" \/><\/a>\n\t\t\t<\/div><\/figure><figure class='gallery-item'>\n\t\t\t<div class='gallery-icon landscape'>\n\t\t\t\t<a href='https:\/\/archive.sana.sy\/es\/wp-content\/uploads\/2024\/03\/DSC_6055.jpg'><img loading=\"lazy\" decoding=\"async\" width=\"660\" height=\"440\" src=\"https:\/\/archive.sana.sy\/es\/wp-content\/uploads\/2024\/03\/DSC_6055.jpg\" class=\"attachment-full size-full\" alt=\"\" srcset=\"https:\/\/archive.sana.sy\/es\/wp-content\/uploads\/2024\/03\/DSC_6055.jpg 660w, https:\/\/archive.sana.sy\/es\/wp-content\/uploads\/2024\/03\/DSC_6055-300x200.jpg 300w, https:\/\/archive.sana.sy\/es\/wp-content\/uploads\/2024\/03\/DSC_6055-150x100.jpg 150w\" sizes=\"(max-width: 660px) 100vw, 660px\" \/><\/a>\n\t\t\t<\/div><\/figure><figure class='gallery-item'>\n\t\t\t<div class='gallery-icon landscape'>\n\t\t\t\t<a href='https:\/\/archive.sana.sy\/es\/wp-content\/uploads\/2024\/03\/DSC_6054.jpg'><img loading=\"lazy\" decoding=\"async\" width=\"660\" height=\"440\" src=\"https:\/\/archive.sana.sy\/es\/wp-content\/uploads\/2024\/03\/DSC_6054.jpg\" class=\"attachment-full size-full\" alt=\"\" srcset=\"https:\/\/archive.sana.sy\/es\/wp-content\/uploads\/2024\/03\/DSC_6054.jpg 660w, https:\/\/archive.sana.sy\/es\/wp-content\/uploads\/2024\/03\/DSC_6054-300x200.jpg 300w, https:\/\/archive.sana.sy\/es\/wp-content\/uploads\/2024\/03\/DSC_6054-150x100.jpg 150w\" sizes=\"(max-width: 660px) 100vw, 660px\" \/><\/a>\n\t\t\t<\/div><\/figure><figure class='gallery-item'>\n\t\t\t<div class='gallery-icon landscape'>\n\t\t\t\t<a href='https:\/\/archive.sana.sy\/es\/wp-content\/uploads\/2024\/03\/DSC_6048.jpg'><img loading=\"lazy\" decoding=\"async\" width=\"660\" height=\"440\" src=\"https:\/\/archive.sana.sy\/es\/wp-content\/uploads\/2024\/03\/DSC_6048.jpg\" class=\"attachment-full size-full\" alt=\"\" srcset=\"https:\/\/archive.sana.sy\/es\/wp-content\/uploads\/2024\/03\/DSC_6048.jpg 660w, https:\/\/archive.sana.sy\/es\/wp-content\/uploads\/2024\/03\/DSC_6048-300x200.jpg 300w, https:\/\/archive.sana.sy\/es\/wp-content\/uploads\/2024\/03\/DSC_6048-150x100.jpg 150w\" sizes=\"(max-width: 660px) 100vw, 660px\" \/><\/a>\n\t\t\t<\/div><\/figure>\n\t\t<\/div>\n\n<p>fm\/lo<\/p>\n","protected":false},"excerpt":{"rendered":"<p>Damasco, 21 mar (SANA) La Embajada de la India en Damasco celebr\u00f3 el aniversario del lanzamiento del Programa de Cooperaci\u00f3n T\u00e9cnica y Econ\u00f3mica de la India. El embajador indio Irshad Ahmed, explic\u00f3 en unas palabras, que el programa contribuy\u00f3 a fomentar las relaciones entre los pueblos sirio e indio y el intercambio cultural entre los &hellip;<\/p>\n","protected":false},"author":32,"featured_media":325153,"comment_status":"closed","ping_status":"closed","sticky":false,"template":"","format":"standard","meta":{"footnotes":""},"categories":[597,20724,467,583],"tags":[],"class_list":["post-325140","post","type-post","status-publish","format-standard","has-post-thumbnail","","category-cinta-de-noticias","category-minuto-a-minuto","category-siria-y-el-mundo","category-slide"],"_links":{"self":[{"href":"https:\/\/archive.sana.sy\/es\/index.php?rest_route=\/wp\/v2\/posts\/325140"}],"collection":[{"href":"https:\/\/archive.sana.sy\/es\/index.php?rest_route=\/wp\/v2\/posts"}],"about":[{"href":"https:\/\/archive.sana.sy\/es\/index.php?rest_route=\/wp\/v2\/types\/post"}],"author":[{"embeddable":true,"href":"https:\/\/archive.sana.sy\/es\/index.php?rest_route=\/wp\/v2\/users\/32"}],"replies":[{"embeddable":true,"href":"https:\/\/archive.sana.sy\/es\/index.php?rest_route=%2Fwp%2Fv2%2Fcomments&post=325140"}],"version-history":[{"count":5,"href":"https:\/\/archive.sana.sy\/es\/index.php?rest_route=\/wp\/v2\/posts\/325140\/revisions"}],"predecessor-version":[{"id":325165,"href":"https:\/\/archive.sana.sy\/es\/index.php?rest_route=\/wp\/v2\/posts\/325140\/revisions\/325165"}],"wp:featuredmedia":[{"embeddable":true,"href":"https:\/\/archive.sana.sy\/es\/index.php?rest_route=\/wp\/v2\/media\/325153"}],"wp:attachment":[{"href":"https:\/\/archive.sana.sy\/es\/index.php?rest_route=%2Fwp%2Fv2%2Fmedia&parent=325140"}],"wp:term":[{"taxonomy":"category","embeddable":true,"href":"https:\/\/archive.sana.sy\/es\/index.php?rest_route=%2Fwp%2Fv2%2Fcategories&post=325140"},{"taxonomy":"post_tag","embeddable":true,"href":"https:\/\/archive.sana.sy\/es\/index.php?rest_route=%2Fwp%2Fv2%2Ftags&post=325140"}],"curies":[{"name":"wp","href":"https:\/\/api.w.org\/{rel}","templated":true}]}}