{"id":325180,"date":"2024-03-21T13:52:15","date_gmt":"2024-03-21T10:52:15","guid":{"rendered":"http:\/\/sana.sy\/es\/?p=325180"},"modified":"2024-03-21T13:52:15","modified_gmt":"2024-03-21T10:52:15","slug":"cifra-de-palestinos-muertos-debido-al-genocidio-israeli-en-gaza-asciende-a-31-988","status":"publish","type":"post","link":"https:\/\/archive.sana.sy\/es\/?p=325180","title":{"rendered":"Cifra de palestinos muertos debido al genocidio israel\u00ed en Gaza asciende a 31.988"},"content":{"rendered":"<p style=\"text-align: justify;\"><span style=\"color: #800000;\"><strong>Jerusal\u00e9n ocupada, 21 mar (SANA)<\/strong><\/span> M\u00e1s de 31.988 palestinos perdieron la vida y otros 74.188 resultaron heridos, durante la agresi\u00f3n del ocupante israel\u00ed desatada desde el d\u00eda 7 de octubre pasado contra la Franja de Gaza.<\/p>\n<p style=\"text-align: justify;\">El Ministerio de Salud palestino inform\u00f3 por medio de un comunicado que durante las \u00faltimas 24 horas, el ocupante cometi\u00f3 7 masacres contra familias en la Franja de Gaza, cobr\u00e1ndose la vida de 65 palestinos mientras 92 resultaron heridos.<\/p>\n<p style=\"text-align: justify;\">De acuerdo con el ente castrense, un gran n\u00famero de v\u00edctimas a\u00fan se encuentran bajo los escombros y en las carreteras, y las ambulancias y los equipos de defensa civil no pueden llegar a los mismos.<\/p>\n<p style=\"text-align: justify;\">Durante el d\u00eda de hoy, decenas de palestinos fueron asesinados y heridos, mientras por cuarto d\u00eda consecutivo, las tropas sionistas contin\u00faan su asalto al barrio Al-Rimal y el complejo m\u00e9dico Al-Shifa y sus alrededores.<\/p>\n<p style=\"text-align: justify;\">fm\/ed<\/p>\n","protected":false},"excerpt":{"rendered":"<p>Jerusal\u00e9n ocupada, 21 mar (SANA) M\u00e1s de 31.988 palestinos perdieron la vida y otros 74.188 resultaron heridos, durante la agresi\u00f3n del ocupante israel\u00ed desatada desde el d\u00eda 7 de octubre pasado contra la Franja de Gaza. El Ministerio de Salud palestino inform\u00f3 por medio de un comunicado que durante las \u00faltimas 24 horas, el ocupante &hellip;<\/p>\n","protected":false},"author":32,"featured_media":325183,"comment_status":"closed","ping_status":"closed","sticky":false,"template":"","format":"standard","meta":{"footnotes":""},"categories":[597,456,20724,583],"tags":[],"class_list":["post-325180","post","type-post","status-publish","format-standard","has-post-thumbnail","","category-cinta-de-noticias","category-arabe-internacional-politica","category-minuto-a-minuto","category-slide"],"_links":{"self":[{"href":"https:\/\/archive.sana.sy\/es\/index.php?rest_route=\/wp\/v2\/posts\/325180"}],"collection":[{"href":"https:\/\/archive.sana.sy\/es\/index.php?rest_route=\/wp\/v2\/posts"}],"about":[{"href":"https:\/\/archive.sana.sy\/es\/index.php?rest_route=\/wp\/v2\/types\/post"}],"author":[{"embeddable":true,"href":"https:\/\/archive.sana.sy\/es\/index.php?rest_route=\/wp\/v2\/users\/32"}],"replies":[{"embeddable":true,"href":"https:\/\/archive.sana.sy\/es\/index.php?rest_route=%2Fwp%2Fv2%2Fcomments&post=325180"}],"version-history":[{"count":1,"href":"https:\/\/archive.sana.sy\/es\/index.php?rest_route=\/wp\/v2\/posts\/325180\/revisions"}],"predecessor-version":[{"id":325184,"href":"https:\/\/archive.sana.sy\/es\/index.php?rest_route=\/wp\/v2\/posts\/325180\/revisions\/325184"}],"wp:featuredmedia":[{"embeddable":true,"href":"https:\/\/archive.sana.sy\/es\/index.php?rest_route=\/wp\/v2\/media\/325183"}],"wp:attachment":[{"href":"https:\/\/archive.sana.sy\/es\/index.php?rest_route=%2Fwp%2Fv2%2Fmedia&parent=325180"}],"wp:term":[{"taxonomy":"category","embeddable":true,"href":"https:\/\/archive.sana.sy\/es\/index.php?rest_route=%2Fwp%2Fv2%2Fcategories&post=325180"},{"taxonomy":"post_tag","embeddable":true,"href":"https:\/\/archive.sana.sy\/es\/index.php?rest_route=%2Fwp%2Fv2%2Ftags&post=325180"}],"curies":[{"name":"wp","href":"https:\/\/api.w.org\/{rel}","templated":true}]}}