{"id":325207,"date":"2024-03-21T15:27:12","date_gmt":"2024-03-21T12:27:12","guid":{"rendered":"https:\/\/sana.sy\/es\/?p=325207"},"modified":"2024-03-21T16:21:29","modified_gmt":"2024-03-21T13:21:29","slug":"siria-condena-injerencia-de-eeuu-en-asuntos-internos-de-cuba","status":"publish","type":"post","link":"https:\/\/archive.sana.sy\/es\/?p=325207","title":{"rendered":"Siria condena injerencia de EEUU en asuntos internos de Cuba y pide levantar el bloqueo"},"content":{"rendered":"<p style=\"text-align: justify;\"><span style=\"color: #800000;\"><strong>Damasco, 21 mar (SANA) <\/strong><\/span>El gobierno sirio conden\u00f3 hoy los intentos injerencistas de la administraci\u00f3n estadounidenses en los asuntos internos de la Rep\u00fablica de Cuba.<\/p>\n<p><img loading=\"lazy\" decoding=\"async\" class=\"wp-image-325212 size-medium alignright\" src=\"http:\/\/sana.sy\/es\/wp-content\/uploads\/2024\/03\/Siria-condena-injerencia-de-EEUU-en-asuntos-internos-de-Cuba0-1-300x150.jpeg\" alt=\"\" width=\"300\" height=\"150\" srcset=\"https:\/\/archive.sana.sy\/es\/wp-content\/uploads\/2024\/03\/Siria-condena-injerencia-de-EEUU-en-asuntos-internos-de-Cuba0-1-300x150.jpeg 300w, https:\/\/archive.sana.sy\/es\/wp-content\/uploads\/2024\/03\/Siria-condena-injerencia-de-EEUU-en-asuntos-internos-de-Cuba0-1-150x75.jpeg 150w, https:\/\/archive.sana.sy\/es\/wp-content\/uploads\/2024\/03\/Siria-condena-injerencia-de-EEUU-en-asuntos-internos-de-Cuba0-1.jpeg 660w\" sizes=\"(max-width: 300px) 100vw, 300px\" \/><\/p>\n<p style=\"text-align: justify;\">Condenamos en\u00e9rgicamente la flagrante injerencia estadounidense en los asuntos internos de la isla y rechazamos el enfoque de Washington basado en la instigaci\u00f3n, distorsi\u00f3n de los hechos y el lanzamiento de acusaciones infundadas para desestabilizar la situaci\u00f3n en la mayor de las Antillas, afirm\u00f3 una declaraci\u00f3n del Ministerio de Asuntos Exteriores.<\/p>\n<p style=\"text-align: justify;\">Agreg\u00f3 que Washington se aprovech\u00f3 de las dif\u00edciles condiciones econ\u00f3micas que vive Cuba, mientras que este pa\u00eds es la principal causa de estas condiciones.<\/p>\n<p style=\"text-align: justify;\">\u201cSin duda, la dif\u00edcil situaci\u00f3n econ\u00f3mica en la isla se debe a las pol\u00edticas inmorales de Washington y sus sanciones ilegales que llevaron a un asfixiante bloqueo financiero, comercial y econ\u00f3mico prolongado desde hace m\u00e1s de 64 a\u00f1os\u201d, afirm\u00f3 el texto de la declaraci\u00f3n.<\/p>\n<p style=\"text-align: justify;\">Aclar\u00f3 que si Washington estuviera preocupado por el pueblo cubano hubiese levantado inmediatamente el bloqueo, permitido la libertad de navegaci\u00f3n a los puertos cubanos y la llegada de derivados del petr\u00f3leo, y tambi\u00e9n hubiese levantado el embargo financiero a los bancos cubanos para poder importar los materiales que el pueblo cubano necesita.<\/p>\n<p style=\"text-align: justify;\">El comunicado expres\u00f3 el apoyo de Damasco a las urgentes medidas de precauci\u00f3n adoptadas por el gobierno cubano para encontrar soluciones a los problemas econ\u00f3micos que enfrenta el pueblo mediante iniciativas positivas.<\/p>\n<p style=\"text-align: justify;\">Adem\u00e1s, la Canciller\u00eda siria reiter\u00f3 el apoyo a La Habana en su enfrentamiento a los desaf\u00edos y la condena a las sanciones y el inhumano bloqueo estadounidense impuesto a Cuba y otros pa\u00edses.<\/p>\n<p style=\"text-align: justify;\">Por \u00faltimo, hizo un llamado a la comunidad internacional a asumir sus responsabilidades y trabajar para levantar este bloqueo y satisfacer las necesidades b\u00e1sicas del pueblo cubano y permitir que alcance el desarrollo sostenible que necesita.<\/p>\n<p style=\"text-align: justify;\">fm\/sm<\/p>\n<p style=\"text-align: justify;\">\n","protected":false},"excerpt":{"rendered":"<p>Damasco, 21 mar (SANA) El gobierno sirio conden\u00f3 hoy los intentos injerencistas de la administraci\u00f3n estadounidenses en los asuntos internos de la Rep\u00fablica de Cuba. Condenamos en\u00e9rgicamente la flagrante injerencia estadounidense en los asuntos internos de la isla y rechazamos el enfoque de Washington basado en la instigaci\u00f3n, distorsi\u00f3n de los hechos y el lanzamiento &hellip;<\/p>\n","protected":false},"author":39,"featured_media":325208,"comment_status":"closed","ping_status":"closed","sticky":false,"template":"","format":"standard","meta":{"footnotes":""},"categories":[597,20724,467,583],"tags":[],"class_list":["post-325207","post","type-post","status-publish","format-standard","has-post-thumbnail","","category-cinta-de-noticias","category-minuto-a-minuto","category-siria-y-el-mundo","category-slide"],"_links":{"self":[{"href":"https:\/\/archive.sana.sy\/es\/index.php?rest_route=\/wp\/v2\/posts\/325207"}],"collection":[{"href":"https:\/\/archive.sana.sy\/es\/index.php?rest_route=\/wp\/v2\/posts"}],"about":[{"href":"https:\/\/archive.sana.sy\/es\/index.php?rest_route=\/wp\/v2\/types\/post"}],"author":[{"embeddable":true,"href":"https:\/\/archive.sana.sy\/es\/index.php?rest_route=\/wp\/v2\/users\/39"}],"replies":[{"embeddable":true,"href":"https:\/\/archive.sana.sy\/es\/index.php?rest_route=%2Fwp%2Fv2%2Fcomments&post=325207"}],"version-history":[{"count":3,"href":"https:\/\/archive.sana.sy\/es\/index.php?rest_route=\/wp\/v2\/posts\/325207\/revisions"}],"predecessor-version":[{"id":325213,"href":"https:\/\/archive.sana.sy\/es\/index.php?rest_route=\/wp\/v2\/posts\/325207\/revisions\/325213"}],"wp:featuredmedia":[{"embeddable":true,"href":"https:\/\/archive.sana.sy\/es\/index.php?rest_route=\/wp\/v2\/media\/325208"}],"wp:attachment":[{"href":"https:\/\/archive.sana.sy\/es\/index.php?rest_route=%2Fwp%2Fv2%2Fmedia&parent=325207"}],"wp:term":[{"taxonomy":"category","embeddable":true,"href":"https:\/\/archive.sana.sy\/es\/index.php?rest_route=%2Fwp%2Fv2%2Fcategories&post=325207"},{"taxonomy":"post_tag","embeddable":true,"href":"https:\/\/archive.sana.sy\/es\/index.php?rest_route=%2Fwp%2Fv2%2Ftags&post=325207"}],"curies":[{"name":"wp","href":"https:\/\/api.w.org\/{rel}","templated":true}]}}