{"id":325214,"date":"2024-03-21T16:28:37","date_gmt":"2024-03-21T13:28:37","guid":{"rendered":"https:\/\/sana.sy\/es\/?p=325214"},"modified":"2024-03-21T16:29:19","modified_gmt":"2024-03-21T13:29:19","slug":"rusia-advierte-de-las-consecuencias-del-envio-de-militares-extranjeros-a-ucrania","status":"publish","type":"post","link":"https:\/\/archive.sana.sy\/es\/?p=325214","title":{"rendered":"Rusia advierte de las consecuencias del env\u00edo de militares extranjeros a Ucrania"},"content":{"rendered":"<p style=\"text-align: justify;\"><span style=\"color: #800000;\"><strong>Mosc\u00fa, 21 mar (SANA) <\/strong><\/span>El portavoz presidencial ruso, Dmitry Peskov, asegur\u00f3 que el env\u00edo de personal militar extranjero a Ucrania tendr\u00e1 graves consecuencias negativas que pueden ser irreparables.<\/p>\n<p style=\"text-align: justify;\">\u201cA\u00fan no hay informaci\u00f3n precisa sobre los supuestos planes de Francia de enviar miembros de sus fuerzas a las regiones ucranianas fronterizas con Bielorrusia, pero hemos dicho muchas veces que enviar algunas unidades militares extranjeras a Ucrania est\u00e1 plagado de consecuencias muy negativas que puede que sean evitables\u201d, declar\u00f3 el vocero a los periodistas.<\/p>\n<p style=\"text-align: justify;\">Cabe recordar que el diputado ucraniano, Alex\u00e9i Goncharenko, hab\u00eda declarado que autoridades francesas est\u00e1n estudiando la posibilidad de enviar una misi\u00f3n militar europea a las regiones de Ucrania fronterizas con Bielorrusia para apoyar a los militares de Kiev en los combates que se est\u00e1n librando all\u00ed.<\/p>\n<p style=\"text-align: justify;\">sm<\/p>\n","protected":false},"excerpt":{"rendered":"<p>Mosc\u00fa, 21 mar (SANA) El portavoz presidencial ruso, Dmitry Peskov, asegur\u00f3 que el env\u00edo de personal militar extranjero a Ucrania tendr\u00e1 graves consecuencias negativas que pueden ser irreparables. \u201cA\u00fan no hay informaci\u00f3n precisa sobre los supuestos planes de Francia de enviar miembros de sus fuerzas a las regiones ucranianas fronterizas con Bielorrusia, pero hemos dicho &hellip;<\/p>\n","protected":false},"author":39,"featured_media":325215,"comment_status":"closed","ping_status":"closed","sticky":false,"template":"","format":"standard","meta":{"footnotes":""},"categories":[597,456,16687,20724,7541],"tags":[],"class_list":["post-325214","post","type-post","status-publish","format-standard","has-post-thumbnail","","category-cinta-de-noticias","category-arabe-internacional-politica","category-internacionales","category-minuto-a-minuto","category-ultimas-noticias"],"_links":{"self":[{"href":"https:\/\/archive.sana.sy\/es\/index.php?rest_route=\/wp\/v2\/posts\/325214"}],"collection":[{"href":"https:\/\/archive.sana.sy\/es\/index.php?rest_route=\/wp\/v2\/posts"}],"about":[{"href":"https:\/\/archive.sana.sy\/es\/index.php?rest_route=\/wp\/v2\/types\/post"}],"author":[{"embeddable":true,"href":"https:\/\/archive.sana.sy\/es\/index.php?rest_route=\/wp\/v2\/users\/39"}],"replies":[{"embeddable":true,"href":"https:\/\/archive.sana.sy\/es\/index.php?rest_route=%2Fwp%2Fv2%2Fcomments&post=325214"}],"version-history":[{"count":1,"href":"https:\/\/archive.sana.sy\/es\/index.php?rest_route=\/wp\/v2\/posts\/325214\/revisions"}],"predecessor-version":[{"id":325216,"href":"https:\/\/archive.sana.sy\/es\/index.php?rest_route=\/wp\/v2\/posts\/325214\/revisions\/325216"}],"wp:featuredmedia":[{"embeddable":true,"href":"https:\/\/archive.sana.sy\/es\/index.php?rest_route=\/wp\/v2\/media\/325215"}],"wp:attachment":[{"href":"https:\/\/archive.sana.sy\/es\/index.php?rest_route=%2Fwp%2Fv2%2Fmedia&parent=325214"}],"wp:term":[{"taxonomy":"category","embeddable":true,"href":"https:\/\/archive.sana.sy\/es\/index.php?rest_route=%2Fwp%2Fv2%2Fcategories&post=325214"},{"taxonomy":"post_tag","embeddable":true,"href":"https:\/\/archive.sana.sy\/es\/index.php?rest_route=%2Fwp%2Fv2%2Ftags&post=325214"}],"curies":[{"name":"wp","href":"https:\/\/api.w.org\/{rel}","templated":true}]}}