{"id":325264,"date":"2024-03-22T13:22:22","date_gmt":"2024-03-22T10:22:22","guid":{"rendered":"https:\/\/sana.sy\/es\/?p=325264"},"modified":"2024-03-22T13:22:22","modified_gmt":"2024-03-22T10:22:22","slug":"decenas-de-muertos-palestinos-en-la-persistente-agresion-de-israel-contra-gaza","status":"publish","type":"post","link":"https:\/\/archive.sana.sy\/es\/?p=325264","title":{"rendered":"Decenas de muertos palestinos en la persistente agresi\u00f3n de \u201cIsrael\u201d contra Gaza"},"content":{"rendered":"<p style=\"text-align: justify;\"><span style=\"color: #800000;\"><strong>Jerusal\u00e9n ocupada, 22 mar (SANA)<\/strong><\/span> Decenas de palestinos murieron y otros resultaron heridos este viernes por la persistente agresi\u00f3n israel\u00ed contra la Franja de Gaza por 168 d\u00eda consecutivo.<\/p>\n<p style=\"text-align: justify;\">Medios de comunicaci\u00f3n palestinos informaron que la aviaci\u00f3n israel\u00ed bombarde\u00f3 una casa al oeste de la ciudad de Gaza, lo que result\u00f3 en la muerte de 10 palestinos.<\/p>\n<p style=\"text-align: justify;\">Asimismo, reportaron tres palestinos muertos en ataque de un dron israel\u00ed contra un grupo de civiles palestinos al este de Khan Yunes al sur de la Franja de Gaza.<\/p>\n<p style=\"text-align: justify;\">En el mismo contexto, tres pacientes palestinos perdieron la vida en el complejo m\u00e9dico de Al-Shifa en Gaza debido a la escasez de suministros m\u00e9dicos por el continuo asedio israel\u00ed a este complejo m\u00e9dico.<\/p>\n<p style=\"text-align: justify;\">Asimismo, ocho palestinos murieron y otros resultaron heridos esta madrugada en bombardeo a\u00e9reo israel\u00ed contra casas en la ciudad de Rafah al sur de la Franja de Gaza.<\/p>\n<p style=\"text-align: justify;\">Seg\u00fan las \u00faltimas estad\u00edsticas del Ministerio de Salud en Gaza, desde el 7 de octubre pasado \u201cIsrael\u201d asesin\u00f3 a m\u00e1s de 31 mil 988 palestinos, y dej\u00f3 heridos a m\u00e1s de 74 mil 188, en su mayor\u00eda ni\u00f1os y mujeres.<\/p>\n<p style=\"text-align: justify;\"><em><strong>ah<\/strong><\/em><\/p>\n","protected":false},"excerpt":{"rendered":"<p>Jerusal\u00e9n ocupada, 22 mar (SANA) Decenas de palestinos murieron y otros resultaron heridos este viernes por la persistente agresi\u00f3n israel\u00ed contra la Franja de Gaza por 168 d\u00eda consecutivo. Medios de comunicaci\u00f3n palestinos informaron que la aviaci\u00f3n israel\u00ed bombarde\u00f3 una casa al oeste de la ciudad de Gaza, lo que result\u00f3 en la muerte de &hellip;<\/p>\n","protected":false},"author":30,"featured_media":325265,"comment_status":"closed","ping_status":"closed","sticky":false,"template":"","format":"standard","meta":{"footnotes":""},"categories":[597,456,20724,583],"tags":[],"class_list":["post-325264","post","type-post","status-publish","format-standard","has-post-thumbnail","","category-cinta-de-noticias","category-arabe-internacional-politica","category-minuto-a-minuto","category-slide"],"_links":{"self":[{"href":"https:\/\/archive.sana.sy\/es\/index.php?rest_route=\/wp\/v2\/posts\/325264"}],"collection":[{"href":"https:\/\/archive.sana.sy\/es\/index.php?rest_route=\/wp\/v2\/posts"}],"about":[{"href":"https:\/\/archive.sana.sy\/es\/index.php?rest_route=\/wp\/v2\/types\/post"}],"author":[{"embeddable":true,"href":"https:\/\/archive.sana.sy\/es\/index.php?rest_route=\/wp\/v2\/users\/30"}],"replies":[{"embeddable":true,"href":"https:\/\/archive.sana.sy\/es\/index.php?rest_route=%2Fwp%2Fv2%2Fcomments&post=325264"}],"version-history":[{"count":1,"href":"https:\/\/archive.sana.sy\/es\/index.php?rest_route=\/wp\/v2\/posts\/325264\/revisions"}],"predecessor-version":[{"id":325266,"href":"https:\/\/archive.sana.sy\/es\/index.php?rest_route=\/wp\/v2\/posts\/325264\/revisions\/325266"}],"wp:featuredmedia":[{"embeddable":true,"href":"https:\/\/archive.sana.sy\/es\/index.php?rest_route=\/wp\/v2\/media\/325265"}],"wp:attachment":[{"href":"https:\/\/archive.sana.sy\/es\/index.php?rest_route=%2Fwp%2Fv2%2Fmedia&parent=325264"}],"wp:term":[{"taxonomy":"category","embeddable":true,"href":"https:\/\/archive.sana.sy\/es\/index.php?rest_route=%2Fwp%2Fv2%2Fcategories&post=325264"},{"taxonomy":"post_tag","embeddable":true,"href":"https:\/\/archive.sana.sy\/es\/index.php?rest_route=%2Fwp%2Fv2%2Ftags&post=325264"}],"curies":[{"name":"wp","href":"https:\/\/api.w.org\/{rel}","templated":true}]}}