{"id":325311,"date":"2024-03-22T20:03:02","date_gmt":"2024-03-22T17:03:02","guid":{"rendered":"https:\/\/sana.sy\/es\/?p=325311"},"modified":"2024-03-22T20:03:02","modified_gmt":"2024-03-22T17:03:02","slug":"mas-de-100-mil-muertos-y-heridos-palestinos-es-el-saldo-de-la-brutal-agresion-israeli-a-gaza-en-168-dias","status":"publish","type":"post","link":"https:\/\/archive.sana.sy\/es\/?p=325311","title":{"rendered":"M\u00e1s de 100 mil muertos y heridos palestinos es el saldo de la brutal agresi\u00f3n israel\u00ed a Gaza en 168 d\u00edas"},"content":{"rendered":"<p style=\"text-align: justify;\"><span style=\"color: #800000;\"><strong>Jerusal\u00e9n ocupada, 22 mar (SANA)\u00a0 <\/strong><\/span>El Ministerio palestino de Salud anunci\u00f3 que la cifra de v\u00edctimas de la actual agresi\u00f3n israel\u00ed a la Franja de Gaza, desde el 7 de octubre pasado, asciende a 32.070 muertos y 74.298 heridos.<\/p>\n<p style=\"text-align: justify;\">El referido ente detall\u00f3 mediante un comunicado que durante las \u00faltimas horas, el ocupante israel\u00ed cometi\u00f3 9 masacres en la Franja de Gaza dejando muertas a 82 personas y heridas a otras 110.<\/p>\n<p style=\"text-align: justify;\">Agreg\u00f3 que numerosas v\u00edctimas a\u00fan se encuentran bajo los escombros y en las carreteras debido a que las tropas israel\u00edes impiden la llegada de los equipos de rescate y las ambulancias hasta ellas.<\/p>\n<p style=\"text-align: justify;\">Asimismo, el ocupante sionista bombarde\u00f3 varios edificios del Complejo M\u00e9dico Al-Shifa en la ciudad de Gaza y arrest\u00f3 all\u00ed a decenas de personal m\u00e9dico, y detuvo a unos 240 pacientes y sus acompa\u00f1antes.<\/p>\n<p style=\"text-align: justify;\">sm<\/p>\n","protected":false},"excerpt":{"rendered":"<p>Jerusal\u00e9n ocupada, 22 mar (SANA)\u00a0 El Ministerio palestino de Salud anunci\u00f3 que la cifra de v\u00edctimas de la actual agresi\u00f3n israel\u00ed a la Franja de Gaza, desde el 7 de octubre pasado, asciende a 32.070 muertos y 74.298 heridos. El referido ente detall\u00f3 mediante un comunicado que durante las \u00faltimas horas, el ocupante israel\u00ed cometi\u00f3 &hellip;<\/p>\n","protected":false},"author":39,"featured_media":325312,"comment_status":"closed","ping_status":"closed","sticky":false,"template":"","format":"standard","meta":{"footnotes":""},"categories":[597,456,16687,20724,583],"tags":[],"class_list":["post-325311","post","type-post","status-publish","format-standard","has-post-thumbnail","","category-cinta-de-noticias","category-arabe-internacional-politica","category-internacionales","category-minuto-a-minuto","category-slide"],"_links":{"self":[{"href":"https:\/\/archive.sana.sy\/es\/index.php?rest_route=\/wp\/v2\/posts\/325311"}],"collection":[{"href":"https:\/\/archive.sana.sy\/es\/index.php?rest_route=\/wp\/v2\/posts"}],"about":[{"href":"https:\/\/archive.sana.sy\/es\/index.php?rest_route=\/wp\/v2\/types\/post"}],"author":[{"embeddable":true,"href":"https:\/\/archive.sana.sy\/es\/index.php?rest_route=\/wp\/v2\/users\/39"}],"replies":[{"embeddable":true,"href":"https:\/\/archive.sana.sy\/es\/index.php?rest_route=%2Fwp%2Fv2%2Fcomments&post=325311"}],"version-history":[{"count":1,"href":"https:\/\/archive.sana.sy\/es\/index.php?rest_route=\/wp\/v2\/posts\/325311\/revisions"}],"predecessor-version":[{"id":325313,"href":"https:\/\/archive.sana.sy\/es\/index.php?rest_route=\/wp\/v2\/posts\/325311\/revisions\/325313"}],"wp:featuredmedia":[{"embeddable":true,"href":"https:\/\/archive.sana.sy\/es\/index.php?rest_route=\/wp\/v2\/media\/325312"}],"wp:attachment":[{"href":"https:\/\/archive.sana.sy\/es\/index.php?rest_route=%2Fwp%2Fv2%2Fmedia&parent=325311"}],"wp:term":[{"taxonomy":"category","embeddable":true,"href":"https:\/\/archive.sana.sy\/es\/index.php?rest_route=%2Fwp%2Fv2%2Fcategories&post=325311"},{"taxonomy":"post_tag","embeddable":true,"href":"https:\/\/archive.sana.sy\/es\/index.php?rest_route=%2Fwp%2Fv2%2Ftags&post=325311"}],"curies":[{"name":"wp","href":"https:\/\/api.w.org\/{rel}","templated":true}]}}