{"id":325317,"date":"2024-03-23T09:06:12","date_gmt":"2024-03-23T06:06:12","guid":{"rendered":"https:\/\/sana.sy\/es\/?p=325317"},"modified":"2024-03-23T09:06:12","modified_gmt":"2024-03-23T06:06:12","slug":"medvedev-promete-represalia-implacable-al-ataque-en-moscu","status":"publish","type":"post","link":"https:\/\/archive.sana.sy\/es\/?p=325317","title":{"rendered":"Medv\u00e9dev promete represalia implacable al ataque en Mosc\u00fa"},"content":{"rendered":"<blockquote>\n<p style=\"text-align: justify;\"><span style=\"color: #ff6600;\"><strong>Si se determina que el atentado fue perpetrado por terroristas del r\u00e9gimen de Kiev, ser\u00e1 imposible tratarlos a ellos y a sus inspiradores ideol\u00f3gicos de otra manera que no sea como terroristas&#8221;.<\/strong><\/span><\/p>\n<\/blockquote>\n<p style=\"text-align: justify;\"><span style=\"color: #800000;\"><strong>Mosc\u00fa, 23 mar (SANA)<\/strong><\/span> El vicepresidente del Consejo de Seguridad de Rusia, Dmitri Medv\u00e9dev, declar\u00f3 hoy que las personas que orquestaron y cometieron el atentado terrorista en la sala de conciertos Crocus City Hall deben ser eliminadas sin ning\u00fan tipo de remordimiento.<\/p>\n<p style=\"text-align: justify;\">&#8220;Los terroristas solo entienden el terror de la represalia. Ning\u00fan juicio o investigaci\u00f3n servir\u00e1 de nada si no se contrarresta la fuerza con la fuerza y las muertes con ejecuciones totales de terroristas y represiones contra sus familias&#8221;, escribi\u00f3 el alto funcionario en sus redes sociales citado por RT.<\/p>\n<p style=\"text-align: justify;\">Medv\u00e9dev asever\u00f3 que, si se determina que el atentado fue perpetrado por &#8220;terroristas del r\u00e9gimen de Kiev&#8221;, ser\u00e1 &#8220;imposible tratarlos a ellos y a sus inspiradores ideol\u00f3gicos de otra manera&#8221;.<\/p>\n<p style=\"text-align: justify;\">&#8220;Todos ellos deben ser encontrados y destruidos sin piedad como terroristas. Incluidos los funcionarios del Estado que cometieron tal atrocidad&#8221;, manifest\u00f3.<\/p>\n<p style=\"text-align: justify;\">Varias personas con ropa de camuflaje y armadas con fusiles irrumpieron en el recinto antes de un concierto. Se reporta que el tiroteo comenz\u00f3 simult\u00e1neamente en el auditorio y en el vest\u00edbulo de la sala, donde se encontraba una multitud de asistentes.<\/p>\n<p style=\"text-align: justify;\">Los terroristas prendieron fuego a las sillas del auditorio, desde donde las llamas se propagaron por casi todo el lugar.<\/p>\n<p style=\"text-align: justify;\">Seg\u00fan el Comit\u00e9 de Investigaciones de Rusia, m\u00e1s de 60 personas murieron en el ataque terrorista en Mosc\u00fa.<\/p>\n<p style=\"text-align: justify;\">Por su parte, el ministro de Salud de Rusia, Mija\u00edl Murashko, inform\u00f3 que al menos hay cinco ni\u00f1os entre las 115 personas que han resultado heridas en el atentado.<\/p>\n<p style=\"text-align: justify;\"><em><strong>fm\/ah<\/strong><\/em><\/p>\n","protected":false},"excerpt":{"rendered":"<p>Si se determina que el atentado fue perpetrado por terroristas del r\u00e9gimen de Kiev, ser\u00e1 imposible tratarlos a ellos y a sus inspiradores ideol\u00f3gicos de otra manera que no sea como terroristas&#8221;. Mosc\u00fa, 23 mar (SANA) El vicepresidente del Consejo de Seguridad de Rusia, Dmitri Medv\u00e9dev, declar\u00f3 hoy que las personas que orquestaron y cometieron &hellip;<\/p>\n","protected":false},"author":30,"featured_media":325318,"comment_status":"closed","ping_status":"closed","sticky":false,"template":"","format":"standard","meta":{"footnotes":""},"categories":[597,456,20724,7541],"tags":[],"class_list":["post-325317","post","type-post","status-publish","format-standard","has-post-thumbnail","","category-cinta-de-noticias","category-arabe-internacional-politica","category-minuto-a-minuto","category-ultimas-noticias"],"_links":{"self":[{"href":"https:\/\/archive.sana.sy\/es\/index.php?rest_route=\/wp\/v2\/posts\/325317"}],"collection":[{"href":"https:\/\/archive.sana.sy\/es\/index.php?rest_route=\/wp\/v2\/posts"}],"about":[{"href":"https:\/\/archive.sana.sy\/es\/index.php?rest_route=\/wp\/v2\/types\/post"}],"author":[{"embeddable":true,"href":"https:\/\/archive.sana.sy\/es\/index.php?rest_route=\/wp\/v2\/users\/30"}],"replies":[{"embeddable":true,"href":"https:\/\/archive.sana.sy\/es\/index.php?rest_route=%2Fwp%2Fv2%2Fcomments&post=325317"}],"version-history":[{"count":1,"href":"https:\/\/archive.sana.sy\/es\/index.php?rest_route=\/wp\/v2\/posts\/325317\/revisions"}],"predecessor-version":[{"id":325319,"href":"https:\/\/archive.sana.sy\/es\/index.php?rest_route=\/wp\/v2\/posts\/325317\/revisions\/325319"}],"wp:featuredmedia":[{"embeddable":true,"href":"https:\/\/archive.sana.sy\/es\/index.php?rest_route=\/wp\/v2\/media\/325318"}],"wp:attachment":[{"href":"https:\/\/archive.sana.sy\/es\/index.php?rest_route=%2Fwp%2Fv2%2Fmedia&parent=325317"}],"wp:term":[{"taxonomy":"category","embeddable":true,"href":"https:\/\/archive.sana.sy\/es\/index.php?rest_route=%2Fwp%2Fv2%2Fcategories&post=325317"},{"taxonomy":"post_tag","embeddable":true,"href":"https:\/\/archive.sana.sy\/es\/index.php?rest_route=%2Fwp%2Fv2%2Ftags&post=325317"}],"curies":[{"name":"wp","href":"https:\/\/api.w.org\/{rel}","templated":true}]}}