{"id":325320,"date":"2024-03-23T09:11:43","date_gmt":"2024-03-23T06:11:43","guid":{"rendered":"https:\/\/sana.sy\/es\/?p=325320"},"modified":"2024-03-23T09:11:43","modified_gmt":"2024-03-23T06:11:43","slug":"siria-condena-ataque-terrorista-en-moscu-y-considera-que-el-mismo-refleja-hostilidad-del-occidente-colectivo","status":"publish","type":"post","link":"https:\/\/archive.sana.sy\/es\/?p=325320","title":{"rendered":"Siria condena ataque terrorista en Mosc\u00fa y considera que el mismo refleja hostilidad del Occidente colectivo"},"content":{"rendered":"<p style=\"text-align: justify;\"><span style=\"color: #800000;\"><strong>Damasco, 23 mar (SANA)<\/strong><\/span> El gobierno sirio conden\u00f3 hoy el cobarde, inhumano y brutal ataque terrorista que tuvo lugar perpetrado en la sala de conciertos Crocus City Hall, ubicada en la provincia de Mosc\u00fa.<\/p>\n<p style=\"text-align: justify;\">Siria condena en los t\u00e9rminos m\u00e1s en\u00e9rgicos este cobarde acto terrorista, que se perpetra despu\u00e9s de importantes logros alcanzados por el amigo pueblo ruso, en particular durante la operaci\u00f3n militar especial en la regi\u00f3n de Donb\u00e1s, y despu\u00e9s del \u00e9xito de las elecciones celebradas hace varios d\u00edas en las que se demostr\u00f3 que el pueblo ruso apoya a su ej\u00e9rcito y su liderazgo, afirm\u00f3 el Ministerio de Asuntos Exteriores por medio de un comunicado.<\/p>\n<p style=\"text-align: justify;\">Agreg\u00f3 que este brutal e inhumano ataque demuestra una vez m\u00e1s el esp\u00edritu agresivo y desenfrenado del Occidente colectivo y su indiferencia hacia la vida de civiles inocentes, no s\u00f3lo en Rusia sino en diversos pa\u00edses del mundo que se empe\u00f1an para preservar su soberan\u00eda e independencia.<\/p>\n<p style=\"text-align: justify;\">La Canciller\u00eda destac\u00f3 en su declaraci\u00f3n la importancia de los esfuerzos combinados de todos los pa\u00edses del mundo para enfrentar estas masacres y responsabilizar a sus perpetradores y a las fuerzas y pa\u00edses detr\u00e1s de ellas.<\/p>\n<p style=\"text-align: justify;\">Apoyamos al pueblo ruso y sus l\u00edderes en el enfrentamiento del flagelo del terrorismo que se est\u00e1 extendiendo en muchas partes del mundo, indic\u00f3 el texto.<\/p>\n<p style=\"text-align: justify;\">Siria expresa su m\u00e1s sentido p\u00e9same a las familias de las v\u00edctimas, desea una pronta recuperaci\u00f3n a los heridos y afirma que est\u00e1 en primera fila junto a la Federaci\u00f3n de Rusia y otros pa\u00edses que luchan contra la plaga del terrorismo, concluy\u00f3 el Ministerio su comunicado.<\/p>\n<p style=\"text-align: justify;\"><em><strong>fm\/ah<\/strong><\/em><\/p>\n","protected":false},"excerpt":{"rendered":"<p>Damasco, 23 mar (SANA) El gobierno sirio conden\u00f3 hoy el cobarde, inhumano y brutal ataque terrorista que tuvo lugar perpetrado en la sala de conciertos Crocus City Hall, ubicada en la provincia de Mosc\u00fa. Siria condena en los t\u00e9rminos m\u00e1s en\u00e9rgicos este cobarde acto terrorista, que se perpetra despu\u00e9s de importantes logros alcanzados por el &hellip;<\/p>\n","protected":false},"author":30,"featured_media":325321,"comment_status":"closed","ping_status":"closed","sticky":false,"template":"","format":"standard","meta":{"footnotes":""},"categories":[597,20724,467,583],"tags":[],"class_list":["post-325320","post","type-post","status-publish","format-standard","has-post-thumbnail","","category-cinta-de-noticias","category-minuto-a-minuto","category-siria-y-el-mundo","category-slide"],"_links":{"self":[{"href":"https:\/\/archive.sana.sy\/es\/index.php?rest_route=\/wp\/v2\/posts\/325320"}],"collection":[{"href":"https:\/\/archive.sana.sy\/es\/index.php?rest_route=\/wp\/v2\/posts"}],"about":[{"href":"https:\/\/archive.sana.sy\/es\/index.php?rest_route=\/wp\/v2\/types\/post"}],"author":[{"embeddable":true,"href":"https:\/\/archive.sana.sy\/es\/index.php?rest_route=\/wp\/v2\/users\/30"}],"replies":[{"embeddable":true,"href":"https:\/\/archive.sana.sy\/es\/index.php?rest_route=%2Fwp%2Fv2%2Fcomments&post=325320"}],"version-history":[{"count":1,"href":"https:\/\/archive.sana.sy\/es\/index.php?rest_route=\/wp\/v2\/posts\/325320\/revisions"}],"predecessor-version":[{"id":325322,"href":"https:\/\/archive.sana.sy\/es\/index.php?rest_route=\/wp\/v2\/posts\/325320\/revisions\/325322"}],"wp:featuredmedia":[{"embeddable":true,"href":"https:\/\/archive.sana.sy\/es\/index.php?rest_route=\/wp\/v2\/media\/325321"}],"wp:attachment":[{"href":"https:\/\/archive.sana.sy\/es\/index.php?rest_route=%2Fwp%2Fv2%2Fmedia&parent=325320"}],"wp:term":[{"taxonomy":"category","embeddable":true,"href":"https:\/\/archive.sana.sy\/es\/index.php?rest_route=%2Fwp%2Fv2%2Fcategories&post=325320"},{"taxonomy":"post_tag","embeddable":true,"href":"https:\/\/archive.sana.sy\/es\/index.php?rest_route=%2Fwp%2Fv2%2Ftags&post=325320"}],"curies":[{"name":"wp","href":"https:\/\/api.w.org\/{rel}","templated":true}]}}