{"id":325334,"date":"2024-03-23T16:30:17","date_gmt":"2024-03-23T13:30:17","guid":{"rendered":"https:\/\/sana.sy\/es\/?p=325334"},"modified":"2024-03-23T16:50:57","modified_gmt":"2024-03-23T13:50:57","slug":"presidente-al-assad-expresa-sus-condolencias-a-putin-tras-el-atentado-terrorista-en-moscu","status":"publish","type":"post","link":"https:\/\/archive.sana.sy\/es\/?p=325334","title":{"rendered":"Presidente Al-Assad expresa sus condolencias a Putin tras atentado terrorista en Mosc\u00fa"},"content":{"rendered":"<p style=\"text-align: justify;\"><span style=\"color: #800000;\"><strong>Damasco, 23 mar (SANA) <\/strong><\/span>El presidente Bashar Al-Assad, envi\u00f3 un mensaje de condolencias a su hom\u00f3logo ruso Vladimir Putin por las v\u00edctimas del atentado terrorista que tuvo lugar en la sala de conciertos Crocus City Mall, en las afueras de Mosc\u00fa.<\/p>\n<p style=\"text-align: justify;\">\u201cExpresamos nuestro profundo pesar por las v\u00edctimas y heridos del atroz atentado terrorista que tuvo lugar en un centro cultural en las afueras de Mosc\u00fa, y reiteramos nuestro m\u00e1s sentido p\u00e9same y solidaridad con las familias afectadas\u201d, rez\u00f3 el texto del mensaje.<\/p>\n<p style=\"text-align: justify;\">El mandatario conden\u00f3 el cobarde ataque que cobr\u00f3 la vida de civiles inocentes y consider\u00f3 que tales actos no podr\u00e1n desviar al pueblo ruso de sus principios y su determinaci\u00f3n a conservar la soberan\u00eda e independencia de su pa\u00eds.<\/p>\n<p style=\"text-align: justify;\">Relacion\u00f3 directamente el ataque con las duras derrotas sufridas por los neonazis y sus partidarios en la operaci\u00f3n militar en Donb\u00e1s.<\/p>\n<p style=\"text-align: justify;\">Asimismo, reafirm\u00f3 la voluntad de Siria de continuar junto a Rusia en la lucha conjunta contra el terrorismo y el extremismo transfronterizo.<\/p>\n<p style=\"text-align: justify;\">\u201cExtendemos nuestras condolencias a las familias de las v\u00edctimas y deseamos pronta recuperaci\u00f3n a los heridos y paciencia a sus seres queridos\u201d, concluy\u00f3 el mensaje.<\/p>\n<p style=\"text-align: justify;\">ah\/fm<\/p>\n","protected":false},"excerpt":{"rendered":"<p>Damasco, 23 mar (SANA) El presidente Bashar Al-Assad, envi\u00f3 un mensaje de condolencias a su hom\u00f3logo ruso Vladimir Putin por las v\u00edctimas del atentado terrorista que tuvo lugar en la sala de conciertos Crocus City Mall, en las afueras de Mosc\u00fa. \u201cExpresamos nuestro profundo pesar por las v\u00edctimas y heridos del atroz atentado terrorista que &hellip;<\/p>\n","protected":false},"author":30,"featured_media":325335,"comment_status":"closed","ping_status":"closed","sticky":false,"template":"","format":"standard","meta":{"footnotes":""},"categories":[477,447,597,20724,16237,583,626],"tags":[],"class_list":["post-325334","post","type-post","status-publish","format-standard","has-post-thumbnail","","category-noticias-edulcorantes","category-local-politica","category-cinta-de-noticias","category-minuto-a-minuto","category-presidence-de-la-republique-arabe-syria","category-slide","category-sr-presidente"],"_links":{"self":[{"href":"https:\/\/archive.sana.sy\/es\/index.php?rest_route=\/wp\/v2\/posts\/325334"}],"collection":[{"href":"https:\/\/archive.sana.sy\/es\/index.php?rest_route=\/wp\/v2\/posts"}],"about":[{"href":"https:\/\/archive.sana.sy\/es\/index.php?rest_route=\/wp\/v2\/types\/post"}],"author":[{"embeddable":true,"href":"https:\/\/archive.sana.sy\/es\/index.php?rest_route=\/wp\/v2\/users\/30"}],"replies":[{"embeddable":true,"href":"https:\/\/archive.sana.sy\/es\/index.php?rest_route=%2Fwp%2Fv2%2Fcomments&post=325334"}],"version-history":[{"count":4,"href":"https:\/\/archive.sana.sy\/es\/index.php?rest_route=\/wp\/v2\/posts\/325334\/revisions"}],"predecessor-version":[{"id":325349,"href":"https:\/\/archive.sana.sy\/es\/index.php?rest_route=\/wp\/v2\/posts\/325334\/revisions\/325349"}],"wp:featuredmedia":[{"embeddable":true,"href":"https:\/\/archive.sana.sy\/es\/index.php?rest_route=\/wp\/v2\/media\/325335"}],"wp:attachment":[{"href":"https:\/\/archive.sana.sy\/es\/index.php?rest_route=%2Fwp%2Fv2%2Fmedia&parent=325334"}],"wp:term":[{"taxonomy":"category","embeddable":true,"href":"https:\/\/archive.sana.sy\/es\/index.php?rest_route=%2Fwp%2Fv2%2Fcategories&post=325334"},{"taxonomy":"post_tag","embeddable":true,"href":"https:\/\/archive.sana.sy\/es\/index.php?rest_route=%2Fwp%2Fv2%2Ftags&post=325334"}],"curies":[{"name":"wp","href":"https:\/\/api.w.org\/{rel}","templated":true}]}}