{"id":32534,"date":"2015-10-30T14:29:44","date_gmt":"2015-10-30T12:29:44","guid":{"rendered":"http:\/\/sana.sy\/es\/?p=32534"},"modified":"2015-10-30T14:29:44","modified_gmt":"2015-10-30T12:29:44","slug":"ki-moon-da-la-bienvenida-a-la-participacion-de-iran-en-la-reunion-de-viena","status":"publish","type":"post","link":"https:\/\/archive.sana.sy\/es\/?p=32534","title":{"rendered":"Ki-moon: da la bienvenida a la participaci\u00f3n de Ir\u00e1n en la reuni\u00f3n de Viena"},"content":{"rendered":"<p style=\"text-align: justify\"><span style=\"color: #800000\">Madrid, SANA<\/span>&#8211; El secretario general de Naciones Unidas, Ban Ki-moon, llam\u00f3 a los participantes en las conversaciones de Viena sobre Siria a mostrarse &#8220;flexibles&#8221;, alegr\u00e1ndose del &#8220;alto nivel&#8221; de las partes, como el ministro de Asuntos Exteriores iran\u00ed.<\/p>\n<p style=\"text-align: justify\">&#8220;Estoy animado por el alto nivel de los dirigentes que re\u00fanen en Viena para hablar de la situaci\u00f3n en Siria&#8221;, declar\u00f3 Ban durante una rueda de prensa en Madrid, en respuesta a una pregunta sobre la presencia, sin precedentes, del jefe de la diplomacia iran\u00ed, indic\u00f3 AFP.<\/p>\n<p style=\"text-align: justify\">&#8220;Espero que van a examinar la cuesti\u00f3n mostr\u00e1ndose flexibles, cualesquiera que sean sus diferentes puntos de vista pol\u00edticos y de enfoque&#8221;, dijo.<\/p>\n<p style=\"text-align: justify\">Tambi\u00e9n hizo un llamado &#8220;a los cinco pa\u00edses (participantes) a demostrar su liderazgo mundial m\u00e1s que a privilegiar sus perspectivas nacionales&#8221;, ya que, de otra manera, &#8220;m\u00e1s gente sufrir\u00e1&#8221;, a\u00f1adi\u00f3 Ban.<\/p>\n<p>M.Miri<\/p>\n","protected":false},"excerpt":{"rendered":"<p>Madrid, SANA&#8211; El secretario general de Naciones Unidas, Ban Ki-moon, llam\u00f3 a los participantes en las conversaciones de Viena sobre Siria a mostrarse &#8220;flexibles&#8221;, alegr\u00e1ndose del &#8220;alto nivel&#8221; de las partes, como el ministro de Asuntos Exteriores iran\u00ed. &#8220;Estoy animado por el alto nivel de los dirigentes que re\u00fanen en Viena para hablar de la &hellip;<\/p>\n","protected":false},"author":1,"featured_media":32535,"comment_status":"closed","ping_status":"closed","sticky":false,"template":"","format":"standard","meta":{"footnotes":""},"categories":[597,456,457,576],"tags":[7242],"class_list":["post-32534","post","type-post","status-publish","format-standard","has-post-thumbnail","","category-cinta-de-noticias","category-arabe-internacional-politica","category-noticias-arabe-internacional-politica","category-noticias-politicas","tag-ki-moon-da-la-bienvenida-a-la-participacion-de-iran-en-la-reunion-de-viena"],"_links":{"self":[{"href":"https:\/\/archive.sana.sy\/es\/index.php?rest_route=\/wp\/v2\/posts\/32534"}],"collection":[{"href":"https:\/\/archive.sana.sy\/es\/index.php?rest_route=\/wp\/v2\/posts"}],"about":[{"href":"https:\/\/archive.sana.sy\/es\/index.php?rest_route=\/wp\/v2\/types\/post"}],"author":[{"embeddable":true,"href":"https:\/\/archive.sana.sy\/es\/index.php?rest_route=\/wp\/v2\/users\/1"}],"replies":[{"embeddable":true,"href":"https:\/\/archive.sana.sy\/es\/index.php?rest_route=%2Fwp%2Fv2%2Fcomments&post=32534"}],"version-history":[{"count":0,"href":"https:\/\/archive.sana.sy\/es\/index.php?rest_route=\/wp\/v2\/posts\/32534\/revisions"}],"wp:featuredmedia":[{"embeddable":true,"href":"https:\/\/archive.sana.sy\/es\/index.php?rest_route=\/wp\/v2\/media\/32535"}],"wp:attachment":[{"href":"https:\/\/archive.sana.sy\/es\/index.php?rest_route=%2Fwp%2Fv2%2Fmedia&parent=32534"}],"wp:term":[{"taxonomy":"category","embeddable":true,"href":"https:\/\/archive.sana.sy\/es\/index.php?rest_route=%2Fwp%2Fv2%2Fcategories&post=32534"},{"taxonomy":"post_tag","embeddable":true,"href":"https:\/\/archive.sana.sy\/es\/index.php?rest_route=%2Fwp%2Fv2%2Ftags&post=32534"}],"curies":[{"name":"wp","href":"https:\/\/api.w.org\/{rel}","templated":true}]}}