{"id":325340,"date":"2024-03-23T13:37:57","date_gmt":"2024-03-23T10:37:57","guid":{"rendered":"https:\/\/sana.sy\/es\/?p=325340"},"modified":"2024-03-23T13:38:25","modified_gmt":"2024-03-23T10:38:25","slug":"movilizaciones-en-chile-en-solidaridad-con-palestina","status":"publish","type":"post","link":"https:\/\/archive.sana.sy\/es\/?p=325340","title":{"rendered":"Movilizaciones en Chile en solidaridad con Palestina"},"content":{"rendered":"<blockquote>\n<p style=\"text-align: justify;\"><span style=\"color: #993300;\">\u201cNi en nuestros peores sue\u00f1os, ni en nuestras m\u00e1s oscuras realidades, esper\u00e1bamos presenciar la destrucci\u00f3n total de Gaza, la muerte de nuestros ni\u00f1os por hambruna\u201d, denunci\u00f3 la La embajadora palestina en Chile, Vera Baboun.<\/span><\/p>\n<\/blockquote>\n<p style=\"text-align: justify;\"><span style=\"color: #800000;\"><strong>Santiago de Chile, 23 mar (SANA)<\/strong> <\/span>M\u00e1s de 10 ciudades chilenas convocaron para hoy manifestaciones en solidaridad con Palestina y en condena al genocidio israel\u00ed cometido contra la Franja de Gaza, y ocasion\u00f3 la muerte a m\u00e1s de 32 mil personas.<\/p>\n<p>Seg\u00fan reportes de la agencia Prensa Latina, en la capital Santiago de Chile la marcha partir\u00e1 desde el Centro Gabriela Mistral y recorrer\u00e1 varios kil\u00f3metros por la emblem\u00e1tica avenida de La Alameda.<\/p>\n<p style=\"text-align: justify;\"><img loading=\"lazy\" decoding=\"async\" class=\"size-full wp-image-325343 alignleft\" src=\"http:\/\/sana.sy\/es\/wp-content\/uploads\/2024\/03\/Chile1-1-2.jpg\" alt=\"\" width=\"641\" height=\"480\" srcset=\"https:\/\/archive.sana.sy\/es\/wp-content\/uploads\/2024\/03\/Chile1-1-2.jpg 641w, https:\/\/archive.sana.sy\/es\/wp-content\/uploads\/2024\/03\/Chile1-1-2-300x225.jpg 300w, https:\/\/archive.sana.sy\/es\/wp-content\/uploads\/2024\/03\/Chile1-1-2-150x112.jpg 150w\" sizes=\"(max-width: 641px) 100vw, 641px\" \/>Similares demostraciones tendr\u00e1n lugar en ciudades como Iquique, La Serena, Valpara\u00edso, Chill\u00e1n, Temuco, Valdivia, Puerto Montt y Punta Arenas, entre otras.<\/p>\n<p style=\"text-align: justify;\">\u201cLa solidaridad es urgente para detener el genocidio en Gaza\u201d, escribi\u00f3 en su cuenta de X el alcalde de la comuna de Recoleta, Daniel Jadue, quien abog\u00f3 por el rompimiento de las relaciones con Israel.<\/p>\n<p style=\"text-align: justify;\">Mientras, la cantante Ana Tijoux hizo un llamado a sumarse a la jornada de movilizaciones y agradeci\u00f3 a todos los que est\u00e1n apoyando la causa de ese pueblo.<\/p>\n<p style=\"text-align: justify;\">La embajadora palestina en Chile, Vera Baboun, denunci\u00f3 que, de la cifra de muertos por la brutal ofensiva lanzada por Israel, m\u00e1s de nueve mil son mujeres.<\/p>\n<p style=\"text-align: justify;\">Explic\u00f3 que no solo las bombas han amenazado la existencia de la poblaci\u00f3n, sino tambi\u00e9n la hambruna, producto del cerco para evitar la llegada de alimentos y ayuda humanitaria.<\/p>\n<p style=\"text-align: justify;\">\u201cNi en nuestros peores sue\u00f1os, ni en nuestras m\u00e1s oscuras realidades, esper\u00e1bamos presenciar la destrucci\u00f3n total de Gaza, la muerte de nuestros ni\u00f1os por hambruna\u201d, denunci\u00f3 la diplom\u00e1tica.<\/p>\n<p style=\"text-align: justify;\">fm<\/p>\n<p style=\"text-align: justify;\">\n","protected":false},"excerpt":{"rendered":"<p>\u201cNi en nuestros peores sue\u00f1os, ni en nuestras m\u00e1s oscuras realidades, esper\u00e1bamos presenciar la destrucci\u00f3n total de Gaza, la muerte de nuestros ni\u00f1os por hambruna\u201d, denunci\u00f3 la La embajadora palestina en Chile, Vera Baboun. Santiago de Chile, 23 mar (SANA) M\u00e1s de 10 ciudades chilenas convocaron para hoy manifestaciones en solidaridad con Palestina y en &hellip;<\/p>\n","protected":false},"author":34,"featured_media":325341,"comment_status":"closed","ping_status":"closed","sticky":false,"template":"","format":"standard","meta":{"footnotes":""},"categories":[597,456,20724,7541],"tags":[],"class_list":["post-325340","post","type-post","status-publish","format-standard","has-post-thumbnail","","category-cinta-de-noticias","category-arabe-internacional-politica","category-minuto-a-minuto","category-ultimas-noticias"],"_links":{"self":[{"href":"https:\/\/archive.sana.sy\/es\/index.php?rest_route=\/wp\/v2\/posts\/325340"}],"collection":[{"href":"https:\/\/archive.sana.sy\/es\/index.php?rest_route=\/wp\/v2\/posts"}],"about":[{"href":"https:\/\/archive.sana.sy\/es\/index.php?rest_route=\/wp\/v2\/types\/post"}],"author":[{"embeddable":true,"href":"https:\/\/archive.sana.sy\/es\/index.php?rest_route=\/wp\/v2\/users\/34"}],"replies":[{"embeddable":true,"href":"https:\/\/archive.sana.sy\/es\/index.php?rest_route=%2Fwp%2Fv2%2Fcomments&post=325340"}],"version-history":[{"count":2,"href":"https:\/\/archive.sana.sy\/es\/index.php?rest_route=\/wp\/v2\/posts\/325340\/revisions"}],"predecessor-version":[{"id":325344,"href":"https:\/\/archive.sana.sy\/es\/index.php?rest_route=\/wp\/v2\/posts\/325340\/revisions\/325344"}],"wp:featuredmedia":[{"embeddable":true,"href":"https:\/\/archive.sana.sy\/es\/index.php?rest_route=\/wp\/v2\/media\/325341"}],"wp:attachment":[{"href":"https:\/\/archive.sana.sy\/es\/index.php?rest_route=%2Fwp%2Fv2%2Fmedia&parent=325340"}],"wp:term":[{"taxonomy":"category","embeddable":true,"href":"https:\/\/archive.sana.sy\/es\/index.php?rest_route=%2Fwp%2Fv2%2Fcategories&post=325340"},{"taxonomy":"post_tag","embeddable":true,"href":"https:\/\/archive.sana.sy\/es\/index.php?rest_route=%2Fwp%2Fv2%2Ftags&post=325340"}],"curies":[{"name":"wp","href":"https:\/\/api.w.org\/{rel}","templated":true}]}}