{"id":325345,"date":"2024-03-23T14:01:52","date_gmt":"2024-03-23T11:01:52","guid":{"rendered":"https:\/\/sana.sy\/es\/?p=325345"},"modified":"2024-03-23T17:32:51","modified_gmt":"2024-03-23T14:32:51","slug":"aumenta-a-115-la-cifra-de-muertos-por-ataque-terrorista-en-moscu","status":"publish","type":"post","link":"https:\/\/archive.sana.sy\/es\/?p=325345","title":{"rendered":"Aumenta a 115 la cifra de muertos por ataque terrorista en Mosc\u00fa"},"content":{"rendered":"<blockquote>\n<p style=\"text-align: justify;\"><span style=\"color: #993300;\"><strong>El video difundido por el Comit\u00e9 de Investigaci\u00f3n mostr\u00f3 en el lugar del crimen fusiles autom\u00e1ticos y municiones del Saiga TR3, as\u00ed como cargadores cargados con cartuchos del calibre 5,45 para ellos y el calibre 7,62 para el AK, atado con cinta adhesiva, y descargadores de cofre para cargadores.<\/strong><\/span><\/p>\n<\/blockquote>\n<p style=\"text-align: justify;\"><span style=\"color: #800000;\"><strong>Mosc\u00fa, 23 mar (SANA)<\/strong><\/span> El n\u00famero de muertos en el ataque terrorista al Crocus City Hall ascendi\u00f3 a 115, inform\u00f3 el Comit\u00e9 de Investigaci\u00f3n ruso en su canal de Telegram.<\/p>\n<p style=\"text-align: justify;\">Seg\u00fan datos preliminares, las personas murieron debido a heridas de bala y envenenamiento por productos de combusti\u00f3n, unos 37 fallecidos fueron identificados.<\/p>\n<p style=\"text-align: justify;\">El video difundido por el Comit\u00e9 de Investigaci\u00f3n mostr\u00f3 en el lugar del crimen fusiles autom\u00e1ticos y municiones del Saiga TR3, as\u00ed como cargadores cargados con cartuchos del calibre 5,45 para ellos y el calibre 7,62 para el AK, atado con cinta adhesiva, y descargadores de cofre para cargadores.<\/p>\n<p style=\"text-align: justify;\"><img loading=\"lazy\" decoding=\"async\" class=\"wp-image-325347 alignleft\" src=\"http:\/\/sana.sy\/es\/wp-content\/uploads\/2024\/03\/Atentado-Rusia1-1-2.jpg\" alt=\"\" width=\"688\" height=\"387\" srcset=\"https:\/\/archive.sana.sy\/es\/wp-content\/uploads\/2024\/03\/Atentado-Rusia1-1-2.jpg 1024w, https:\/\/archive.sana.sy\/es\/wp-content\/uploads\/2024\/03\/Atentado-Rusia1-1-2-300x169.jpg 300w, https:\/\/archive.sana.sy\/es\/wp-content\/uploads\/2024\/03\/Atentado-Rusia1-1-2-150x84.jpg 150w, https:\/\/archive.sana.sy\/es\/wp-content\/uploads\/2024\/03\/Atentado-Rusia1-1-2-768x432.jpg 768w\" sizes=\"(max-width: 688px) 100vw, 688px\" \/>De acuerdo con testigos presenciales, desconocidos vestidos con ropa de camuflaje militar y enmascarados abrieron fuego con armas autom\u00e1ticas en el vest\u00edbulo y la sala de conciertos antes del inicio del concierto de la banda Picnik.<\/p>\n<p style=\"text-align: justify;\">Posteriormente, se produjo una explosi\u00f3n y se inici\u00f3 un incendio en el edificio, en un \u00e1rea de 12 mil 900 metros cuadrados, lo cual provoc\u00f3 el derrumbe parcial del tejado y caus\u00f3 grietas en la fachada de cristal.<\/p>\n<p style=\"text-align: justify;\">Uno de los autores del ataque terrorista en la sala de conciertos Crocus City Hall admiti\u00f3 que le prometieron que le pagar\u00edan 500.000 rublos (unos 5.400 d\u00f3lares) por disparar contra personas en el recinto.<\/p>\n<p style=\"text-align: justify;\">fm<\/p>\n","protected":false},"excerpt":{"rendered":"<p>El video difundido por el Comit\u00e9 de Investigaci\u00f3n mostr\u00f3 en el lugar del crimen fusiles autom\u00e1ticos y municiones del Saiga TR3, as\u00ed como cargadores cargados con cartuchos del calibre 5,45 para ellos y el calibre 7,62 para el AK, atado con cinta adhesiva, y descargadores de cofre para cargadores. Mosc\u00fa, 23 mar (SANA) El n\u00famero &hellip;<\/p>\n","protected":false},"author":34,"featured_media":325346,"comment_status":"closed","ping_status":"closed","sticky":false,"template":"","format":"standard","meta":{"footnotes":""},"categories":[597,456,20724,1],"tags":[],"class_list":["post-325345","post","type-post","status-publish","format-standard","has-post-thumbnail","","category-cinta-de-noticias","category-arabe-internacional-politica","category-minuto-a-minuto","category-news-not-sorted"],"_links":{"self":[{"href":"https:\/\/archive.sana.sy\/es\/index.php?rest_route=\/wp\/v2\/posts\/325345"}],"collection":[{"href":"https:\/\/archive.sana.sy\/es\/index.php?rest_route=\/wp\/v2\/posts"}],"about":[{"href":"https:\/\/archive.sana.sy\/es\/index.php?rest_route=\/wp\/v2\/types\/post"}],"author":[{"embeddable":true,"href":"https:\/\/archive.sana.sy\/es\/index.php?rest_route=\/wp\/v2\/users\/34"}],"replies":[{"embeddable":true,"href":"https:\/\/archive.sana.sy\/es\/index.php?rest_route=%2Fwp%2Fv2%2Fcomments&post=325345"}],"version-history":[{"count":1,"href":"https:\/\/archive.sana.sy\/es\/index.php?rest_route=\/wp\/v2\/posts\/325345\/revisions"}],"predecessor-version":[{"id":325348,"href":"https:\/\/archive.sana.sy\/es\/index.php?rest_route=\/wp\/v2\/posts\/325345\/revisions\/325348"}],"wp:featuredmedia":[{"embeddable":true,"href":"https:\/\/archive.sana.sy\/es\/index.php?rest_route=\/wp\/v2\/media\/325346"}],"wp:attachment":[{"href":"https:\/\/archive.sana.sy\/es\/index.php?rest_route=%2Fwp%2Fv2%2Fmedia&parent=325345"}],"wp:term":[{"taxonomy":"category","embeddable":true,"href":"https:\/\/archive.sana.sy\/es\/index.php?rest_route=%2Fwp%2Fv2%2Fcategories&post=325345"},{"taxonomy":"post_tag","embeddable":true,"href":"https:\/\/archive.sana.sy\/es\/index.php?rest_route=%2Fwp%2Fv2%2Ftags&post=325345"}],"curies":[{"name":"wp","href":"https:\/\/api.w.org\/{rel}","templated":true}]}}