{"id":325355,"date":"2024-03-23T16:19:43","date_gmt":"2024-03-23T13:19:43","guid":{"rendered":"https:\/\/sana.sy\/es\/?p=325355"},"modified":"2024-03-23T20:34:08","modified_gmt":"2024-03-23T17:34:08","slug":"putin-dirige-un-mensaje-al-pueblo-ruso-tras-el-atentado-terrorista-en-crocus-city-hall","status":"publish","type":"post","link":"https:\/\/archive.sana.sy\/es\/?p=325355","title":{"rendered":"Putin dirige un mensaje al pueblo ruso tras el atentado terrorista en Crocus City Hall"},"content":{"rendered":"<p style=\"text-align: justify;\"><span style=\"color: #800000;\"><strong>Mosc\u00fa, 23 mar (SANA)<\/strong><\/span>\u00a0 \u00a0El presidente ruso Vlad\u00edmir Putin, pronunci\u00f3 hoy un mensaje a la naci\u00f3n rusa tras el atentado terrorista en Crocus City Hall, en el que fallecieron m\u00e1s de 140 personas y decenas resultaron heridas.<\/p>\n<p style=\"text-align: justify;\">El mandatario calific\u00f3 el ataque de sangriento y b\u00e1rbaro, y declar\u00f3 el 24 de marzo como d\u00eda de luto nacional.<\/p>\n<p style=\"text-align: justify;\">Todos los autores, organizadores y autores intelectuales del atentado terrorista en Crocus City Hall recibir\u00e1n un castigo justo, asever\u00f3 el mandatario ruso, citado por la agencia Sputnik.<\/p>\n<p style=\"text-align: justify;\"><img loading=\"lazy\" decoding=\"async\" class=\"wp-image-325357 alignleft\" src=\"http:\/\/sana.sy\/es\/wp-content\/uploads\/2024\/03\/photo_2024-03-23_15-59-39.jpg\" alt=\"\" width=\"464\" height=\"310\" srcset=\"https:\/\/archive.sana.sy\/es\/wp-content\/uploads\/2024\/03\/photo_2024-03-23_15-59-39.jpg 939w, https:\/\/archive.sana.sy\/es\/wp-content\/uploads\/2024\/03\/photo_2024-03-23_15-59-39-300x200.jpg 300w, https:\/\/archive.sana.sy\/es\/wp-content\/uploads\/2024\/03\/photo_2024-03-23_15-59-39-150x100.jpg 150w, https:\/\/archive.sana.sy\/es\/wp-content\/uploads\/2024\/03\/photo_2024-03-23_15-59-39-768x513.jpg 768w\" sizes=\"(max-width: 464px) 100vw, 464px\" \/>&#8220;Est\u00e1 claro que nos enfrentamos a una masacre planificada de civiles. Identificaremos a cada uno de ellos, y los castigaremos&#8221;, indic\u00f3.<\/p>\n<p style=\"text-align: justify;\">Putin expres\u00f3 su agradecimiento a los equipos de ambulancias, bomberos y rescatadores que hicieron todo lo posible para salvar la vida de los heridos.<\/p>\n<p style=\"text-align: justify;\">Seg\u00fan detall\u00f3 el mandatario, fueron localizados y detenidos todos los cuatro autores directamente implicados en el atentado terrorista en el Crocus City Hall. Por el momento, un total de 11 personas fueron detenidas por su conexi\u00f3n con el ataque.<\/p>\n<p style=\"text-align: justify;\">Los tiradores en Crocus City Hall se dirigieron a Ucrania, donde se les hab\u00eda preparado una &#8220;ventana&#8221;, denunci\u00f3.<\/p>\n<p style=\"text-align: justify;\">fm<\/p>\n","protected":false},"excerpt":{"rendered":"<p>Mosc\u00fa, 23 mar (SANA)\u00a0 \u00a0El presidente ruso Vlad\u00edmir Putin, pronunci\u00f3 hoy un mensaje a la naci\u00f3n rusa tras el atentado terrorista en Crocus City Hall, en el que fallecieron m\u00e1s de 140 personas y decenas resultaron heridas. El mandatario calific\u00f3 el ataque de sangriento y b\u00e1rbaro, y declar\u00f3 el 24 de marzo como d\u00eda de &hellip;<\/p>\n","protected":false},"author":34,"featured_media":325359,"comment_status":"closed","ping_status":"closed","sticky":false,"template":"","format":"standard","meta":{"footnotes":""},"categories":[597,456,20724,7541],"tags":[],"class_list":["post-325355","post","type-post","status-publish","format-standard","has-post-thumbnail","","category-cinta-de-noticias","category-arabe-internacional-politica","category-minuto-a-minuto","category-ultimas-noticias"],"_links":{"self":[{"href":"https:\/\/archive.sana.sy\/es\/index.php?rest_route=\/wp\/v2\/posts\/325355"}],"collection":[{"href":"https:\/\/archive.sana.sy\/es\/index.php?rest_route=\/wp\/v2\/posts"}],"about":[{"href":"https:\/\/archive.sana.sy\/es\/index.php?rest_route=\/wp\/v2\/types\/post"}],"author":[{"embeddable":true,"href":"https:\/\/archive.sana.sy\/es\/index.php?rest_route=\/wp\/v2\/users\/34"}],"replies":[{"embeddable":true,"href":"https:\/\/archive.sana.sy\/es\/index.php?rest_route=%2Fwp%2Fv2%2Fcomments&post=325355"}],"version-history":[{"count":1,"href":"https:\/\/archive.sana.sy\/es\/index.php?rest_route=\/wp\/v2\/posts\/325355\/revisions"}],"predecessor-version":[{"id":325358,"href":"https:\/\/archive.sana.sy\/es\/index.php?rest_route=\/wp\/v2\/posts\/325355\/revisions\/325358"}],"wp:featuredmedia":[{"embeddable":true,"href":"https:\/\/archive.sana.sy\/es\/index.php?rest_route=\/wp\/v2\/media\/325359"}],"wp:attachment":[{"href":"https:\/\/archive.sana.sy\/es\/index.php?rest_route=%2Fwp%2Fv2%2Fmedia&parent=325355"}],"wp:term":[{"taxonomy":"category","embeddable":true,"href":"https:\/\/archive.sana.sy\/es\/index.php?rest_route=%2Fwp%2Fv2%2Fcategories&post=325355"},{"taxonomy":"post_tag","embeddable":true,"href":"https:\/\/archive.sana.sy\/es\/index.php?rest_route=%2Fwp%2Fv2%2Ftags&post=325355"}],"curies":[{"name":"wp","href":"https:\/\/api.w.org\/{rel}","templated":true}]}}