{"id":325362,"date":"2024-03-23T14:01:20","date_gmt":"2024-03-23T11:01:20","guid":{"rendered":"https:\/\/sana.sy\/es\/?p=325362"},"modified":"2024-03-23T17:32:33","modified_gmt":"2024-03-23T14:32:33","slug":"aumenta-a-143-el-numero-de-muertos-en-el-ataque-terrorista-en-crocus-city-hall","status":"publish","type":"post","link":"https:\/\/archive.sana.sy\/es\/?p=325362","title":{"rendered":"Aumenta a 143 el n\u00famero de muertos en el ataque terrorista en Crocus City Hall"},"content":{"rendered":"<p style=\"text-align: justify;\"><span style=\"color: #800000;\"><strong>Mosc\u00fa, 23 mar (SANA)<\/strong><\/span>\u00a0 \u00a0Asciende a 143 personas el n\u00famero de muertos en el ataque terrorista en Crocus City Hall, informa la redactora jefa del grupo medi\u00e1tico Rossiya Segodnya, Margarita Simoni\u00e1n.<\/p>\n<p style=\"text-align: justify;\">&#8220;Ya hay m\u00e1s v\u00edctimas que en el atentado ocurrido en 2022 durante el espect\u00e1culo &#8220;Nord-Ost&#8221;. En total, son 143 personas&#8221;, escribi\u00f3 Simoni\u00e1n en su canal de Telgram.<\/p>\n<p style=\"text-align: justify;\">El 22 de marzo, hombres armados vestidos con ropa de camuflaje abrieron fuego contra los asistentes a un concierto de la banda Picnik en la sala de conciertos Crocus City Hall, en la regi\u00f3n de Mosc\u00fa. El tiroteo fue seguido por un incendio que, seg\u00fan el Ministerio de Emergencias, afect\u00f3 un \u00e1rea de casi 13.000 metros cuadrados.<\/p>\n<p style=\"text-align: justify;\">El Comit\u00e9 de Investigaci\u00f3n ruso abri\u00f3 una causa penal por terrorismo tras el ataque. La b\u00fasqueda de los atacantes contin\u00faa. Seg\u00fan el jefe del FSB, cerca de la frontera ucraniana fueron detenidas 11 personas, incluidos los cuatro terroristas directamente implicados en el atentado.<\/p>\n<p style=\"text-align: justify;\">Las autoridades del pa\u00eds cancelaron todos los eventos masivos y de entretenimiento programados para los pr\u00f3ximos d\u00edas.<\/p>\n<p style=\"text-align: justify;\">Varios l\u00edderes mundiales se solidarizaron con el pueblo ruso, expresaron su m\u00e1s sentido p\u00e9same a las v\u00edctimas del atentado y a sus familias y condenaron el ataque en los t\u00e9rminos m\u00e1s en\u00e9rgicos.<\/p>\n<p style=\"text-align: justify;\">rr<\/p>\n","protected":false},"excerpt":{"rendered":"<p>Mosc\u00fa, 23 mar (SANA)\u00a0 \u00a0Asciende a 143 personas el n\u00famero de muertos en el ataque terrorista en Crocus City Hall, informa la redactora jefa del grupo medi\u00e1tico Rossiya Segodnya, Margarita Simoni\u00e1n. &#8220;Ya hay m\u00e1s v\u00edctimas que en el atentado ocurrido en 2022 durante el espect\u00e1culo &#8220;Nord-Ost&#8221;. En total, son 143 personas&#8221;, escribi\u00f3 Simoni\u00e1n en su &hellip;<\/p>\n","protected":false},"author":31,"featured_media":325365,"comment_status":"closed","ping_status":"closed","sticky":false,"template":"","format":"standard","meta":{"footnotes":""},"categories":[597,456,583],"tags":[22479,7016],"class_list":["post-325362","post","type-post","status-publish","format-standard","has-post-thumbnail","","category-cinta-de-noticias","category-arabe-internacional-politica","category-slide","tag-crocus-city-hall","tag-moscu"],"_links":{"self":[{"href":"https:\/\/archive.sana.sy\/es\/index.php?rest_route=\/wp\/v2\/posts\/325362"}],"collection":[{"href":"https:\/\/archive.sana.sy\/es\/index.php?rest_route=\/wp\/v2\/posts"}],"about":[{"href":"https:\/\/archive.sana.sy\/es\/index.php?rest_route=\/wp\/v2\/types\/post"}],"author":[{"embeddable":true,"href":"https:\/\/archive.sana.sy\/es\/index.php?rest_route=\/wp\/v2\/users\/31"}],"replies":[{"embeddable":true,"href":"https:\/\/archive.sana.sy\/es\/index.php?rest_route=%2Fwp%2Fv2%2Fcomments&post=325362"}],"version-history":[{"count":1,"href":"https:\/\/archive.sana.sy\/es\/index.php?rest_route=\/wp\/v2\/posts\/325362\/revisions"}],"predecessor-version":[{"id":325364,"href":"https:\/\/archive.sana.sy\/es\/index.php?rest_route=\/wp\/v2\/posts\/325362\/revisions\/325364"}],"wp:featuredmedia":[{"embeddable":true,"href":"https:\/\/archive.sana.sy\/es\/index.php?rest_route=\/wp\/v2\/media\/325365"}],"wp:attachment":[{"href":"https:\/\/archive.sana.sy\/es\/index.php?rest_route=%2Fwp%2Fv2%2Fmedia&parent=325362"}],"wp:term":[{"taxonomy":"category","embeddable":true,"href":"https:\/\/archive.sana.sy\/es\/index.php?rest_route=%2Fwp%2Fv2%2Fcategories&post=325362"},{"taxonomy":"post_tag","embeddable":true,"href":"https:\/\/archive.sana.sy\/es\/index.php?rest_route=%2Fwp%2Fv2%2Ftags&post=325362"}],"curies":[{"name":"wp","href":"https:\/\/api.w.org\/{rel}","templated":true}]}}