{"id":325369,"date":"2024-03-23T18:34:46","date_gmt":"2024-03-23T15:34:46","guid":{"rendered":"https:\/\/sana.sy\/es\/?p=325369"},"modified":"2024-03-23T18:34:46","modified_gmt":"2024-03-23T15:34:46","slug":"los-servicios-de-inteligencia-occidentales-sabian-del-ataque-en-crocus-y-no-informaron-a-moscu","status":"publish","type":"post","link":"https:\/\/archive.sana.sy\/es\/?p=325369","title":{"rendered":"Los servicios de inteligencia occidentales sab\u00edan del ataque en Crocus y no informaron a Mosc\u00fa"},"content":{"rendered":"<p style=\"text-align: justify;\"><span style=\"color: #800000;\"><strong>Belgrado, 23 mar (SANA)\u00a0 \u00a0 <\/strong><\/span>El presidente de Serbia, Aleksandar Vucic, afirm\u00f3 que los servicios de inteligencia occidentales sab\u00edan de la posibilidad de un ataque terrorista en \u201cCrocus City Hall\u201d, en las afueras de Mosc\u00fa.<\/p>\n<p style=\"text-align: justify;\">&#8220;Los llamados de las embajadas de Estados Unidos y Gran Breta\u00f1a a sus ciudadanos para que no visitaran los centros comerciales en Mosc\u00fa muestran que los servicios de inteligencia de los dos pa\u00edses ten\u00edan informaci\u00f3n espec\u00edfica sobre este atentado&#8221;, declar\u00f3 el mandatario serbio a Brava TV.<\/p>\n<p style=\"text-align: justify;\">Vucic explic\u00f3 que otras embajadas occidentales tambi\u00e9n emitieron la misma advertencia, lo que significa que los servicios de inteligencia de estos pa\u00edses monitorearon ciertas conversaciones, obtuvieron informaci\u00f3n y sab\u00edan que algo suceder\u00eda.<\/p>\n<p style=\"text-align: justify;\">El Comit\u00e9 de Investigaci\u00f3n ruso anunci\u00f3 que el n\u00famero de muertos por el ataque al Crocus City Hall hab\u00eda ascendido a 115 muertos, adem\u00e1s de decenas de heridos, y explic\u00f3 que armados vestidos con ropa de camuflaje y sin m\u00e1scaras irrumpieron en una sala de conciertos del mencionado complejo y abrieron fuego contra el p\u00fablico, adem\u00e1s de lanzar bombas incendiarias.<\/p>\n<p style=\"text-align: justify;\">rr\/fm<\/p>\n","protected":false},"excerpt":{"rendered":"<p>Belgrado, 23 mar (SANA)\u00a0 \u00a0 El presidente de Serbia, Aleksandar Vucic, afirm\u00f3 que los servicios de inteligencia occidentales sab\u00edan de la posibilidad de un ataque terrorista en \u201cCrocus City Hall\u201d, en las afueras de Mosc\u00fa. &#8220;Los llamados de las embajadas de Estados Unidos y Gran Breta\u00f1a a sus ciudadanos para que no visitaran los centros &hellip;<\/p>\n","protected":false},"author":31,"featured_media":325370,"comment_status":"closed","ping_status":"closed","sticky":false,"template":"","format":"standard","meta":{"footnotes":""},"categories":[597,456,16687],"tags":[8597,7016,20250],"class_list":["post-325369","post","type-post","status-publish","format-standard","has-post-thumbnail","","category-cinta-de-noticias","category-arabe-internacional-politica","category-internacionales","tag-atentado","tag-moscu","tag-serbia"],"_links":{"self":[{"href":"https:\/\/archive.sana.sy\/es\/index.php?rest_route=\/wp\/v2\/posts\/325369"}],"collection":[{"href":"https:\/\/archive.sana.sy\/es\/index.php?rest_route=\/wp\/v2\/posts"}],"about":[{"href":"https:\/\/archive.sana.sy\/es\/index.php?rest_route=\/wp\/v2\/types\/post"}],"author":[{"embeddable":true,"href":"https:\/\/archive.sana.sy\/es\/index.php?rest_route=\/wp\/v2\/users\/31"}],"replies":[{"embeddable":true,"href":"https:\/\/archive.sana.sy\/es\/index.php?rest_route=%2Fwp%2Fv2%2Fcomments&post=325369"}],"version-history":[{"count":1,"href":"https:\/\/archive.sana.sy\/es\/index.php?rest_route=\/wp\/v2\/posts\/325369\/revisions"}],"predecessor-version":[{"id":325371,"href":"https:\/\/archive.sana.sy\/es\/index.php?rest_route=\/wp\/v2\/posts\/325369\/revisions\/325371"}],"wp:featuredmedia":[{"embeddable":true,"href":"https:\/\/archive.sana.sy\/es\/index.php?rest_route=\/wp\/v2\/media\/325370"}],"wp:attachment":[{"href":"https:\/\/archive.sana.sy\/es\/index.php?rest_route=%2Fwp%2Fv2%2Fmedia&parent=325369"}],"wp:term":[{"taxonomy":"category","embeddable":true,"href":"https:\/\/archive.sana.sy\/es\/index.php?rest_route=%2Fwp%2Fv2%2Fcategories&post=325369"},{"taxonomy":"post_tag","embeddable":true,"href":"https:\/\/archive.sana.sy\/es\/index.php?rest_route=%2Fwp%2Fv2%2Ftags&post=325369"}],"curies":[{"name":"wp","href":"https:\/\/api.w.org\/{rel}","templated":true}]}}