{"id":32537,"date":"2015-10-30T14:58:05","date_gmt":"2015-10-30T12:58:05","guid":{"rendered":"http:\/\/sana.sy\/es\/?p=32537"},"modified":"2023-01-09T14:09:42","modified_gmt":"2023-01-09T12:09:42","slug":"3-heridos-deja-un-ataque-con-mortero-contra-damasco","status":"publish","type":"post","link":"https:\/\/archive.sana.sy\/es\/?p=32537","title":{"rendered":"3 heridos deja un ataque con mortero contra Damasco"},"content":{"rendered":"<p><span style=\"color: #800000\">Damasco, SANA<\/span>&#8211; Tres civiles resultaron heridos y varias p\u00e9rdidas materiales fue el saldo que dej\u00f3 este viernes un ataque terrorista contra la ciudad de Damasco.<\/p>\n<p>\u201csiete proyectiles de mortero disparados por terroristas impactaron en los barrios residenciales de al-Kassa, al-Zablatani y el suburbio de Harasta, dejando tres heridos y causando p\u00e9rdidas materiales\u201d, rese\u00f1\u00f3 una fuente de polic\u00eda.<\/p>\n<p>Seg\u00fan la fuente, en el barrio al-Kassa tres pernas resultaron heridas, entre ellas un ani\u00f1a de 8 a\u00f1os, a causa de la ca\u00edda de dos proyectiles de mortero.<\/p>\n<p>Mientras que un proyectil de mortero cay\u00f3 en el barrio residencial de al-Zablatani causando da\u00f1os materiales en la zona, sin registrar p\u00e9rdidas humanas.<\/p>\n<p>Otros 4 morteros cayeron en el suburbio de Harasta, dejando p\u00e9rdidas materiales en el barrio al-Sabil y en un bloque en la zona.<\/p>\n<p>M.Miri<\/p>\n","protected":false},"excerpt":{"rendered":"<p>Damasco, SANA&#8211; Tres civiles resultaron heridos y varias p\u00e9rdidas materiales fue el saldo que dej\u00f3 este viernes un ataque terrorista contra la ciudad de Damasco. \u201csiete proyectiles de mortero disparados por terroristas impactaron en los barrios residenciales de al-Kassa, al-Zablatani y el suburbio de Harasta, dejando tres heridos y causando p\u00e9rdidas materiales\u201d, rese\u00f1\u00f3 una fuente &hellip;<\/p>\n","protected":false},"author":1,"featured_media":12894,"comment_status":"closed","ping_status":"closed","sticky":false,"template":"","format":"standard","meta":{"footnotes":""},"categories":[477,476],"tags":[7243],"class_list":["post-32537","post","type-post","status-publish","format-standard","has-post-thumbnail","","category-noticias-edulcorantes","category-locales","tag-3-heridos-deja-un-ataque-con-mortero-contra-damasco"],"_links":{"self":[{"href":"https:\/\/archive.sana.sy\/es\/index.php?rest_route=\/wp\/v2\/posts\/32537"}],"collection":[{"href":"https:\/\/archive.sana.sy\/es\/index.php?rest_route=\/wp\/v2\/posts"}],"about":[{"href":"https:\/\/archive.sana.sy\/es\/index.php?rest_route=\/wp\/v2\/types\/post"}],"author":[{"embeddable":true,"href":"https:\/\/archive.sana.sy\/es\/index.php?rest_route=\/wp\/v2\/users\/1"}],"replies":[{"embeddable":true,"href":"https:\/\/archive.sana.sy\/es\/index.php?rest_route=%2Fwp%2Fv2%2Fcomments&post=32537"}],"version-history":[{"count":0,"href":"https:\/\/archive.sana.sy\/es\/index.php?rest_route=\/wp\/v2\/posts\/32537\/revisions"}],"wp:featuredmedia":[{"embeddable":true,"href":"https:\/\/archive.sana.sy\/es\/index.php?rest_route=\/wp\/v2\/media\/12894"}],"wp:attachment":[{"href":"https:\/\/archive.sana.sy\/es\/index.php?rest_route=%2Fwp%2Fv2%2Fmedia&parent=32537"}],"wp:term":[{"taxonomy":"category","embeddable":true,"href":"https:\/\/archive.sana.sy\/es\/index.php?rest_route=%2Fwp%2Fv2%2Fcategories&post=32537"},{"taxonomy":"post_tag","embeddable":true,"href":"https:\/\/archive.sana.sy\/es\/index.php?rest_route=%2Fwp%2Fv2%2Ftags&post=32537"}],"curies":[{"name":"wp","href":"https:\/\/api.w.org\/{rel}","templated":true}]}}