{"id":325372,"date":"2024-03-23T19:40:59","date_gmt":"2024-03-23T16:40:59","guid":{"rendered":"https:\/\/sana.sy\/es\/?p=325372"},"modified":"2024-03-23T19:40:59","modified_gmt":"2024-03-23T16:40:59","slug":"arnous-ofrece-sus-condolencias-a-su-homologo-ruso-por-las-victimas-del-atentado-terrorista-en-el-crocus-city-hall","status":"publish","type":"post","link":"https:\/\/archive.sana.sy\/es\/?p=325372","title":{"rendered":"Arnous ofrece sus condolencias a su hom\u00f3logo ruso por las v\u00edctimas del atentado terrorista en el Crocus City Hall"},"content":{"rendered":"<p style=\"text-align: justify;\"><span style=\"color: #800000;\"><strong>Damasco, 23 mar (SANA)\u00a0 \u00a0<\/strong><\/span>El primer ministro Hussein Arnous, envi\u00f3 a su hom\u00f3logo ruso, Mikhail Mishustin, un mensaje de condolencia por las v\u00edctimas del ataque terrorista en el Crocus City Hall de Mosc\u00fa.<\/p>\n<p style=\"text-align: justify;\">\u201cEn nombre del Consejo de Ministros de la Rep\u00fablica \u00c1rabe Siria y en mi nombre personalmente, expreso nuestra total solidaridad con el gobierno ruso y nuestro m\u00e1s sentido p\u00e9same para las familias de las v\u00edctimas que cayeron a consecuencia del acto terrorista contra Crocus City Hall en las afueras de la capital rusa, Mosc\u00fa\u201d, dijo Arnous en su mensaje.<\/p>\n<p style=\"text-align: justify;\">Agreg\u00f3 que Siria pide responsabilizar a los perpetradores, planificadores y partidarios de este atentado terrorista, y destac\u00f3 su confianza en la capacidad del gobierno y del pueblo ruso amigo para superar esta terrible experiencia.<\/p>\n<p style=\"text-align: justify;\">Se\u00f1al\u00f3 que el gobierno de la Rep\u00fablica \u00c1rabe Siria afirma su deseo de consolidar la cooperaci\u00f3n con el gobierno ruso en el enfrentamiento al terrorismo internacional y sus herramientas para lograr la paz y la estabilidad.<\/p>\n<p style=\"text-align: justify;\">rr\/fm<\/p>\n","protected":false},"excerpt":{"rendered":"<p>Damasco, 23 mar (SANA)\u00a0 \u00a0El primer ministro Hussein Arnous, envi\u00f3 a su hom\u00f3logo ruso, Mikhail Mishustin, un mensaje de condolencia por las v\u00edctimas del ataque terrorista en el Crocus City Hall de Mosc\u00fa. \u201cEn nombre del Consejo de Ministros de la Rep\u00fablica \u00c1rabe Siria y en mi nombre personalmente, expreso nuestra total solidaridad con el &hellip;<\/p>\n","protected":false},"author":31,"featured_media":325373,"comment_status":"closed","ping_status":"closed","sticky":false,"template":"","format":"standard","meta":{"footnotes":""},"categories":[597,467,7541],"tags":[6695,6553],"class_list":["post-325372","post","type-post","status-publish","format-standard","has-post-thumbnail","","category-cinta-de-noticias","category-siria-y-el-mundo","category-ultimas-noticias","tag-rusia","tag-siria"],"_links":{"self":[{"href":"https:\/\/archive.sana.sy\/es\/index.php?rest_route=\/wp\/v2\/posts\/325372"}],"collection":[{"href":"https:\/\/archive.sana.sy\/es\/index.php?rest_route=\/wp\/v2\/posts"}],"about":[{"href":"https:\/\/archive.sana.sy\/es\/index.php?rest_route=\/wp\/v2\/types\/post"}],"author":[{"embeddable":true,"href":"https:\/\/archive.sana.sy\/es\/index.php?rest_route=\/wp\/v2\/users\/31"}],"replies":[{"embeddable":true,"href":"https:\/\/archive.sana.sy\/es\/index.php?rest_route=%2Fwp%2Fv2%2Fcomments&post=325372"}],"version-history":[{"count":1,"href":"https:\/\/archive.sana.sy\/es\/index.php?rest_route=\/wp\/v2\/posts\/325372\/revisions"}],"predecessor-version":[{"id":325374,"href":"https:\/\/archive.sana.sy\/es\/index.php?rest_route=\/wp\/v2\/posts\/325372\/revisions\/325374"}],"wp:featuredmedia":[{"embeddable":true,"href":"https:\/\/archive.sana.sy\/es\/index.php?rest_route=\/wp\/v2\/media\/325373"}],"wp:attachment":[{"href":"https:\/\/archive.sana.sy\/es\/index.php?rest_route=%2Fwp%2Fv2%2Fmedia&parent=325372"}],"wp:term":[{"taxonomy":"category","embeddable":true,"href":"https:\/\/archive.sana.sy\/es\/index.php?rest_route=%2Fwp%2Fv2%2Fcategories&post=325372"},{"taxonomy":"post_tag","embeddable":true,"href":"https:\/\/archive.sana.sy\/es\/index.php?rest_route=%2Fwp%2Fv2%2Ftags&post=325372"}],"curies":[{"name":"wp","href":"https:\/\/api.w.org\/{rel}","templated":true}]}}