{"id":325376,"date":"2024-03-23T20:33:26","date_gmt":"2024-03-23T17:33:26","guid":{"rendered":"https:\/\/sana.sy\/es\/?p=325376"},"modified":"2024-03-23T20:33:26","modified_gmt":"2024-03-23T17:33:26","slug":"presidente-al-assad-a-putin-estamos-con-rusia-y-confiamos-en-su-victoria-sobre-el-terrorismo","status":"publish","type":"post","link":"https:\/\/archive.sana.sy\/es\/?p=325376","title":{"rendered":"Presidente Al-Assad a Putin: Estamos con Rusia y confiamos en su victoria sobre el terrorismo"},"content":{"rendered":"<blockquote>\n<p style=\"text-align: justify;\"><span style=\"color: #993300;\">\u201cConozco la magnitud del dolor de todo el pueblo ruso, pero confiamos en que Rusia saldr\u00e1 victoriosa de esta terrible experiencia, y nosotros en Siria estamos esperando su victoria porque hemos sufrido y a\u00fan seguimos sufriendo del terrorismo, y la victoria sobre el terrorismo y el nazismo compensar\u00e1 el da\u00f1o causado\u201d, consider\u00f3 el presidente sirio.<\/span><\/p>\n<\/blockquote>\n<p style=\"text-align: justify;\">\n<span style=\"color: #800000;\"><strong>Damasco, 23 mar (SANA)\u00a0<\/strong> <\/span>El presidente sirio Bashar Al-Assad sostuvo una conversaci\u00f3n telef\u00f3nica con su hom\u00f3logo ruso Vladimir Putin, durante la cual ofreci\u00f3 sus condolencias en nombre del pueblo sirio y del suyo propio a los dirigentes y al pueblo de Rusia y expres\u00f3 el apoyo de Siria a la naci\u00f3n euroasi\u00e1tica en la lucha contra el terrorismo.<\/p>\n<p style=\"text-align: justify;\">No es la primera vez que Rusia enfrenta el terrorismo a lo largo de su historia y siempre hab\u00eda salido victoriosa, dijo el mandatario.<\/p>\n<p style=\"text-align: justify;\">Consider\u00f3 que el reciente ataque terrorista en Mosc\u00fa demuestra que las acciones terroristas no cesar\u00e1n a menos que los terroristas sean completamente eliminados.<\/p>\n<p style=\"text-align: justify;\">Precis\u00f3 que el grupo terrorista Daesh es el gemelo del nazismo y el padre espiritual de ambos es el mismo.<\/p>\n<p style=\"text-align: justify;\">Conozco la magnitud del dolor de todo el pueblo ruso, pero confiamos en que Rusia saldr\u00e1 victoriosa de esta terrible experiencia, y nosotros en Siria estamos esperando su victoria porque hemos sufrido y a\u00fan seguimos sufriendo del terrorismo, y la victoria sobre el terrorismo y el nazismo compensar\u00e1 el da\u00f1o causado, consider\u00f3 el presidente de la naci\u00f3n \u00e1rabe.<\/p>\n<p style=\"text-align: justify;\">A su vez, el presidente Putin agradeci\u00f3 a Al-Assad por sus sinceros sentimientos de simpat\u00eda y tambi\u00e9n le agradeci\u00f3 la voluntad de Siria de apoyar a Rusia en la lucha contra el terrorismo.<\/p>\n<p style=\"text-align: justify;\">&#8220;Cuando nos unamos, lograremos nuestro objetivo y la victoria ser\u00e1 nuestra&#8221;, asever\u00f3 Putin.<\/p>\n<p style=\"text-align: justify;\">fm\/rr<\/p>\n","protected":false},"excerpt":{"rendered":"<p>\u201cConozco la magnitud del dolor de todo el pueblo ruso, pero confiamos en que Rusia saldr\u00e1 victoriosa de esta terrible experiencia, y nosotros en Siria estamos esperando su victoria porque hemos sufrido y a\u00fan seguimos sufriendo del terrorismo, y la victoria sobre el terrorismo y el nazismo compensar\u00e1 el da\u00f1o causado\u201d, consider\u00f3 el presidente sirio. &hellip;<\/p>\n","protected":false},"author":31,"featured_media":325377,"comment_status":"closed","ping_status":"closed","sticky":false,"template":"","format":"standard","meta":{"footnotes":""},"categories":[597,16237,467,583,626],"tags":[6695,6553],"class_list":["post-325376","post","type-post","status-publish","format-standard","has-post-thumbnail","","category-cinta-de-noticias","category-presidence-de-la-republique-arabe-syria","category-siria-y-el-mundo","category-slide","category-sr-presidente","tag-rusia","tag-siria"],"_links":{"self":[{"href":"https:\/\/archive.sana.sy\/es\/index.php?rest_route=\/wp\/v2\/posts\/325376"}],"collection":[{"href":"https:\/\/archive.sana.sy\/es\/index.php?rest_route=\/wp\/v2\/posts"}],"about":[{"href":"https:\/\/archive.sana.sy\/es\/index.php?rest_route=\/wp\/v2\/types\/post"}],"author":[{"embeddable":true,"href":"https:\/\/archive.sana.sy\/es\/index.php?rest_route=\/wp\/v2\/users\/31"}],"replies":[{"embeddable":true,"href":"https:\/\/archive.sana.sy\/es\/index.php?rest_route=%2Fwp%2Fv2%2Fcomments&post=325376"}],"version-history":[{"count":1,"href":"https:\/\/archive.sana.sy\/es\/index.php?rest_route=\/wp\/v2\/posts\/325376\/revisions"}],"predecessor-version":[{"id":325378,"href":"https:\/\/archive.sana.sy\/es\/index.php?rest_route=\/wp\/v2\/posts\/325376\/revisions\/325378"}],"wp:featuredmedia":[{"embeddable":true,"href":"https:\/\/archive.sana.sy\/es\/index.php?rest_route=\/wp\/v2\/media\/325377"}],"wp:attachment":[{"href":"https:\/\/archive.sana.sy\/es\/index.php?rest_route=%2Fwp%2Fv2%2Fmedia&parent=325376"}],"wp:term":[{"taxonomy":"category","embeddable":true,"href":"https:\/\/archive.sana.sy\/es\/index.php?rest_route=%2Fwp%2Fv2%2Fcategories&post=325376"},{"taxonomy":"post_tag","embeddable":true,"href":"https:\/\/archive.sana.sy\/es\/index.php?rest_route=%2Fwp%2Fv2%2Ftags&post=325376"}],"curies":[{"name":"wp","href":"https:\/\/api.w.org\/{rel}","templated":true}]}}