{"id":325379,"date":"2024-03-24T08:17:16","date_gmt":"2024-03-24T05:17:16","guid":{"rendered":"https:\/\/sana.sy\/es\/?p=325379"},"modified":"2024-03-24T08:17:38","modified_gmt":"2024-03-24T05:17:38","slug":"chilenos-solidarios-con-palestina-piden-romper-relaciones-con-israel","status":"publish","type":"post","link":"https:\/\/archive.sana.sy\/es\/?p=325379","title":{"rendered":"Chilenos solidarios con Palestina piden romper relaciones con Israel"},"content":{"rendered":"<p style=\"text-align: justify;\"><span style=\"color: #800000;\"><strong>Santiago de Chile, 24 mar (SANA)<\/strong><\/span> Miles de personas marcharon en Chile para expresar su solidaridad con el pueblo de Palestina y exigir al gobierno de Gabriel Boric romper relaciones con Israel ante el genocidio que comete en Gaza.<\/p>\n<p style=\"text-align: justify;\">\u201cGaza resiste, Palestina existe\u201d y \u201cA romper, a romper, relaciones con Israel\u201d, eran algunas de las consignas coreadas por los manifestantes en esta capital, quienes con carteles y banderas recorrieron la avenida de La Alameda y pasaron frente al Palacio de La Moneda, sede del Ejecutivo.<\/p>\n<p><img loading=\"lazy\" decoding=\"async\" class=\"size-medium wp-image-325382 alignright\" src=\"http:\/\/sana.sy\/es\/wp-content\/uploads\/2024\/03\/photo_2024-03-24_04-00-39-300x225.jpg\" alt=\"\" width=\"300\" height=\"225\" srcset=\"https:\/\/archive.sana.sy\/es\/wp-content\/uploads\/2024\/03\/photo_2024-03-24_04-00-39-300x225.jpg 300w, https:\/\/archive.sana.sy\/es\/wp-content\/uploads\/2024\/03\/photo_2024-03-24_04-00-39-150x113.jpg 150w, https:\/\/archive.sana.sy\/es\/wp-content\/uploads\/2024\/03\/photo_2024-03-24_04-00-39.jpg 600w\" sizes=\"(max-width: 300px) 100vw, 300px\" \/><\/p>\n<p style=\"text-align: justify;\">\u201cCon esta masacre descomunal, el colonialismo nos advierte que puede repetirla en cualquier otro pa\u00eds, incluidos aquellos que no tienen ej\u00e9rcito\u201d, se\u00f1al\u00f3 el exprofesor universitario Yamil Harcha.<\/p>\n<p style=\"text-align: justify;\">El prestigioso orientalista salud\u00f3 la decisi\u00f3n del gobierno chileno de suspender la participaci\u00f3n de Tel Aviv en la pr\u00f3xima feria aeroespacial de defensa y seguridad.<\/p>\n<p style=\"text-align: justify;\">Mientras, Jorge Abedrapo, otro de los manifestantes, record\u00f3 que se habla de 32 mil muertos por los bombardeos y agresiones en la franja de Gaza, pero deben ser mucho m\u00e1s porque hay miles bajo los escombros y la destrucci\u00f3n es total.<\/p>\n<p style=\"text-align: justify;\">\u201cLa comunidad internacional tiene que hacer mucho m\u00e1s. No basta con declaraciones y marchas, hay que hacer un boicot total a Israel para evitar que esto siga produci\u00e9ndose\u201d, afirm\u00f3.<\/p>\n<p style=\"text-align: justify;\">Similares manifestaciones tuvieron lugar este s\u00e1bado en al menos una decena de ciudades chilenas.<\/p>\n<div id='gallery-1' class='gallery galleryid-325379 gallery-columns-1 gallery-size-full'><figure class='gallery-item'>\n\t\t\t<div class='gallery-icon landscape'>\n\t\t\t\t<a href='https:\/\/archive.sana.sy\/es\/wp-content\/uploads\/2024\/03\/photo_2024-03-24_04-00-37.jpg'><img loading=\"lazy\" decoding=\"async\" width=\"1280\" height=\"960\" src=\"https:\/\/archive.sana.sy\/es\/wp-content\/uploads\/2024\/03\/photo_2024-03-24_04-00-37.jpg\" class=\"attachment-full size-full\" alt=\"\" srcset=\"https:\/\/archive.sana.sy\/es\/wp-content\/uploads\/2024\/03\/photo_2024-03-24_04-00-37.jpg 1280w, https:\/\/archive.sana.sy\/es\/wp-content\/uploads\/2024\/03\/photo_2024-03-24_04-00-37-300x225.jpg 300w, https:\/\/archive.sana.sy\/es\/wp-content\/uploads\/2024\/03\/photo_2024-03-24_04-00-37-1024x768.jpg 1024w, https:\/\/archive.sana.sy\/es\/wp-content\/uploads\/2024\/03\/photo_2024-03-24_04-00-37-150x113.jpg 150w, https:\/\/archive.sana.sy\/es\/wp-content\/uploads\/2024\/03\/photo_2024-03-24_04-00-37-768x576.jpg 768w\" sizes=\"(max-width: 1280px) 100vw, 1280px\" \/><\/a>\n\t\t\t<\/div><\/figure><figure class='gallery-item'>\n\t\t\t<div class='gallery-icon landscape'>\n\t\t\t\t<a href='https:\/\/archive.sana.sy\/es\/wp-content\/uploads\/2024\/03\/photo_2024-03-24_04-00-46.jpg'><img loading=\"lazy\" decoding=\"async\" width=\"1280\" height=\"960\" src=\"https:\/\/archive.sana.sy\/es\/wp-content\/uploads\/2024\/03\/photo_2024-03-24_04-00-46.jpg\" class=\"attachment-full size-full\" alt=\"\" srcset=\"https:\/\/archive.sana.sy\/es\/wp-content\/uploads\/2024\/03\/photo_2024-03-24_04-00-46.jpg 1280w, https:\/\/archive.sana.sy\/es\/wp-content\/uploads\/2024\/03\/photo_2024-03-24_04-00-46-300x225.jpg 300w, https:\/\/archive.sana.sy\/es\/wp-content\/uploads\/2024\/03\/photo_2024-03-24_04-00-46-1024x768.jpg 1024w, https:\/\/archive.sana.sy\/es\/wp-content\/uploads\/2024\/03\/photo_2024-03-24_04-00-46-150x113.jpg 150w, https:\/\/archive.sana.sy\/es\/wp-content\/uploads\/2024\/03\/photo_2024-03-24_04-00-46-768x576.jpg 768w\" sizes=\"(max-width: 1280px) 100vw, 1280px\" \/><\/a>\n\t\t\t<\/div><\/figure>\n\t\t<\/div>\n\n<p style=\"text-align: justify;\"><strong>fm\/ws<\/strong><\/p>\n","protected":false},"excerpt":{"rendered":"<p>Santiago de Chile, 24 mar (SANA) Miles de personas marcharon en Chile para expresar su solidaridad con el pueblo de Palestina y exigir al gobierno de Gabriel Boric romper relaciones con Israel ante el genocidio que comete en Gaza. \u201cGaza resiste, Palestina existe\u201d y \u201cA romper, a romper, relaciones con Israel\u201d, eran algunas de las &hellip;<\/p>\n","protected":false},"author":35,"featured_media":325380,"comment_status":"closed","ping_status":"closed","sticky":false,"template":"","format":"standard","meta":{"footnotes":""},"categories":[597,456,16687,20724,583],"tags":[],"class_list":["post-325379","post","type-post","status-publish","format-standard","has-post-thumbnail","","category-cinta-de-noticias","category-arabe-internacional-politica","category-internacionales","category-minuto-a-minuto","category-slide"],"_links":{"self":[{"href":"https:\/\/archive.sana.sy\/es\/index.php?rest_route=\/wp\/v2\/posts\/325379"}],"collection":[{"href":"https:\/\/archive.sana.sy\/es\/index.php?rest_route=\/wp\/v2\/posts"}],"about":[{"href":"https:\/\/archive.sana.sy\/es\/index.php?rest_route=\/wp\/v2\/types\/post"}],"author":[{"embeddable":true,"href":"https:\/\/archive.sana.sy\/es\/index.php?rest_route=\/wp\/v2\/users\/35"}],"replies":[{"embeddable":true,"href":"https:\/\/archive.sana.sy\/es\/index.php?rest_route=%2Fwp%2Fv2%2Fcomments&post=325379"}],"version-history":[{"count":2,"href":"https:\/\/archive.sana.sy\/es\/index.php?rest_route=\/wp\/v2\/posts\/325379\/revisions"}],"predecessor-version":[{"id":325385,"href":"https:\/\/archive.sana.sy\/es\/index.php?rest_route=\/wp\/v2\/posts\/325379\/revisions\/325385"}],"wp:featuredmedia":[{"embeddable":true,"href":"https:\/\/archive.sana.sy\/es\/index.php?rest_route=\/wp\/v2\/media\/325380"}],"wp:attachment":[{"href":"https:\/\/archive.sana.sy\/es\/index.php?rest_route=%2Fwp%2Fv2%2Fmedia&parent=325379"}],"wp:term":[{"taxonomy":"category","embeddable":true,"href":"https:\/\/archive.sana.sy\/es\/index.php?rest_route=%2Fwp%2Fv2%2Fcategories&post=325379"},{"taxonomy":"post_tag","embeddable":true,"href":"https:\/\/archive.sana.sy\/es\/index.php?rest_route=%2Fwp%2Fv2%2Ftags&post=325379"}],"curies":[{"name":"wp","href":"https:\/\/api.w.org\/{rel}","templated":true}]}}