{"id":325386,"date":"2024-03-24T10:32:23","date_gmt":"2024-03-24T07:32:23","guid":{"rendered":"https:\/\/sana.sy\/es\/?p=325386"},"modified":"2024-03-24T10:33:50","modified_gmt":"2024-03-24T07:33:50","slug":"kiev-ataco-con-misiles-una-ciudad-clave-en-crimea","status":"publish","type":"post","link":"https:\/\/archive.sana.sy\/es\/?p=325386","title":{"rendered":"Kiev atac\u00f3 con misiles una ciudad clave en Crimea"},"content":{"rendered":"<blockquote>\n<p style=\"text-align: justify;\"><strong><span style=\"color: #800000;\">El gobernador de Sebastopol, Mija\u00edl Razvozh\u00e1ev, declar\u00f3 que la agresi\u00f3n provoc\u00f3 la muerte de una persona y la lesi\u00f3n de otras cuatro.<\/span><\/strong><\/p>\n<\/blockquote>\n<p style=\"text-align: justify;\"><span style=\"color: #800000;\"><strong>Mosc\u00fa, 24 mar (SANA)<\/strong> <\/span>Ucrania perpetr\u00f3 un nuevo ataque a\u00e9reo masivo con misiles contra la portuaria ciudad de Sebastopol, sede de la Flota rusa del Mar Negro, en la pen\u00ednsula de Crimea.<\/p>\n<p style=\"text-align: justify;\">El gobernador de la urbe, Mija\u00edl Razvozh\u00e1ev, declar\u00f3 que la agresi\u00f3n provoc\u00f3 la muerte de una persona y la lesi\u00f3n de otras cuatro.<\/p>\n<p style=\"text-align: justify;\">Un fragmento de cohete cay\u00f3 sobre una casa en Seb\u00e1stopol, lo que caus\u00f3 la muerte de una persona de 65 a\u00f1os, public\u00f3 Razvozh\u00e1ev en su canal de Telegram.<\/p>\n<p style=\"text-align: justify;\">Adem\u00e1s, Razvozh\u00e1ev calific\u00f3 este ataque como el m\u00e1s masivo de los \u00faltimos tiempos.<\/p>\n<p style=\"text-align: justify;\">ws\/fm<\/p>\n","protected":false},"excerpt":{"rendered":"<p>El gobernador de Sebastopol, Mija\u00edl Razvozh\u00e1ev, declar\u00f3 que la agresi\u00f3n provoc\u00f3 la muerte de una persona y la lesi\u00f3n de otras cuatro. Mosc\u00fa, 24 mar (SANA) Ucrania perpetr\u00f3 un nuevo ataque a\u00e9reo masivo con misiles contra la portuaria ciudad de Sebastopol, sede de la Flota rusa del Mar Negro, en la pen\u00ednsula de Crimea. El &hellip;<\/p>\n","protected":false},"author":35,"featured_media":325387,"comment_status":"closed","ping_status":"closed","sticky":false,"template":"","format":"standard","meta":{"footnotes":""},"categories":[597,456,16687,20724,7541],"tags":[],"class_list":["post-325386","post","type-post","status-publish","format-standard","has-post-thumbnail","","category-cinta-de-noticias","category-arabe-internacional-politica","category-internacionales","category-minuto-a-minuto","category-ultimas-noticias"],"_links":{"self":[{"href":"https:\/\/archive.sana.sy\/es\/index.php?rest_route=\/wp\/v2\/posts\/325386"}],"collection":[{"href":"https:\/\/archive.sana.sy\/es\/index.php?rest_route=\/wp\/v2\/posts"}],"about":[{"href":"https:\/\/archive.sana.sy\/es\/index.php?rest_route=\/wp\/v2\/types\/post"}],"author":[{"embeddable":true,"href":"https:\/\/archive.sana.sy\/es\/index.php?rest_route=\/wp\/v2\/users\/35"}],"replies":[{"embeddable":true,"href":"https:\/\/archive.sana.sy\/es\/index.php?rest_route=%2Fwp%2Fv2%2Fcomments&post=325386"}],"version-history":[{"count":2,"href":"https:\/\/archive.sana.sy\/es\/index.php?rest_route=\/wp\/v2\/posts\/325386\/revisions"}],"predecessor-version":[{"id":325389,"href":"https:\/\/archive.sana.sy\/es\/index.php?rest_route=\/wp\/v2\/posts\/325386\/revisions\/325389"}],"wp:featuredmedia":[{"embeddable":true,"href":"https:\/\/archive.sana.sy\/es\/index.php?rest_route=\/wp\/v2\/media\/325387"}],"wp:attachment":[{"href":"https:\/\/archive.sana.sy\/es\/index.php?rest_route=%2Fwp%2Fv2%2Fmedia&parent=325386"}],"wp:term":[{"taxonomy":"category","embeddable":true,"href":"https:\/\/archive.sana.sy\/es\/index.php?rest_route=%2Fwp%2Fv2%2Fcategories&post=325386"},{"taxonomy":"post_tag","embeddable":true,"href":"https:\/\/archive.sana.sy\/es\/index.php?rest_route=%2Fwp%2Fv2%2Ftags&post=325386"}],"curies":[{"name":"wp","href":"https:\/\/api.w.org\/{rel}","templated":true}]}}