{"id":325390,"date":"2024-03-24T10:41:50","date_gmt":"2024-03-24T07:41:50","guid":{"rendered":"https:\/\/sana.sy\/es\/?p=325390"},"modified":"2024-03-24T10:41:50","modified_gmt":"2024-03-24T07:41:50","slug":"los-autores-del-ataque-terrorista-de-crocus-hall-son-extranjeros-afirma-rusia","status":"publish","type":"post","link":"https:\/\/archive.sana.sy\/es\/?p=325390","title":{"rendered":"Los autores del ataque terrorista de Crocus Hall son extranjeros, afirma Rusia"},"content":{"rendered":"<p style=\"text-align: justify;\"><span style=\"color: #800000;\"><strong>Mosc\u00fa, 24 mar (SANA) <\/strong><\/span>Rusia anunci\u00f3 que los terroristas del ataque en la sala de conciertos Crocus City Hall eran extranjeros y no hab\u00eda ning\u00fan ciudadano ruso entre ellos.<\/p>\n<p style=\"text-align: justify;\">&#8220;En las redes sociales, se publicaron acusaciones de que cuatro de los sospechosos del ataque terrorista en Mosc\u00fa, que fueron arrestados en la regi\u00f3n de Bri\u00e1nsk son ciudadanos rusos, y esta informaci\u00f3n es incorrecta, ya que todos ellos son extranjeros&#8221;, inform\u00f3 la portavoz del Ministerio del Interior, Irina Volk, en un comunicado.<\/p>\n<p style=\"text-align: justify;\">Agreg\u00f3 que el Servicio Federal de Seguridad de Rusia est\u00e1 investigando las razones y motivos, y est\u00e1 determinando la duraci\u00f3n de la estancia de los detenidos en territorio ruso y sus direcciones reales de residencia.<\/p>\n<p style=\"text-align: justify;\">Las autoridades rusas anunciaron la detenci\u00f3n de 11 personas que intentaban huir a territorio ucraniano, entre ellos cuatro terroristas que participaron directamente en el ataque terrorista en Crocus.<\/p>\n<p style=\"text-align: justify;\">as\/fm<\/p>\n","protected":false},"excerpt":{"rendered":"<p>Mosc\u00fa, 24 mar (SANA) Rusia anunci\u00f3 que los terroristas del ataque en la sala de conciertos Crocus City Hall eran extranjeros y no hab\u00eda ning\u00fan ciudadano ruso entre ellos. &#8220;En las redes sociales, se publicaron acusaciones de que cuatro de los sospechosos del ataque terrorista en Mosc\u00fa, que fueron arrestados en la regi\u00f3n de Bri\u00e1nsk &hellip;<\/p>\n","protected":false},"author":42,"featured_media":325391,"comment_status":"closed","ping_status":"closed","sticky":false,"template":"","format":"standard","meta":{"footnotes":""},"categories":[597,456,16687,20724,7541],"tags":[],"class_list":["post-325390","post","type-post","status-publish","format-standard","has-post-thumbnail","","category-cinta-de-noticias","category-arabe-internacional-politica","category-internacionales","category-minuto-a-minuto","category-ultimas-noticias"],"_links":{"self":[{"href":"https:\/\/archive.sana.sy\/es\/index.php?rest_route=\/wp\/v2\/posts\/325390"}],"collection":[{"href":"https:\/\/archive.sana.sy\/es\/index.php?rest_route=\/wp\/v2\/posts"}],"about":[{"href":"https:\/\/archive.sana.sy\/es\/index.php?rest_route=\/wp\/v2\/types\/post"}],"author":[{"embeddable":true,"href":"https:\/\/archive.sana.sy\/es\/index.php?rest_route=\/wp\/v2\/users\/42"}],"replies":[{"embeddable":true,"href":"https:\/\/archive.sana.sy\/es\/index.php?rest_route=%2Fwp%2Fv2%2Fcomments&post=325390"}],"version-history":[{"count":1,"href":"https:\/\/archive.sana.sy\/es\/index.php?rest_route=\/wp\/v2\/posts\/325390\/revisions"}],"predecessor-version":[{"id":325392,"href":"https:\/\/archive.sana.sy\/es\/index.php?rest_route=\/wp\/v2\/posts\/325390\/revisions\/325392"}],"wp:featuredmedia":[{"embeddable":true,"href":"https:\/\/archive.sana.sy\/es\/index.php?rest_route=\/wp\/v2\/media\/325391"}],"wp:attachment":[{"href":"https:\/\/archive.sana.sy\/es\/index.php?rest_route=%2Fwp%2Fv2%2Fmedia&parent=325390"}],"wp:term":[{"taxonomy":"category","embeddable":true,"href":"https:\/\/archive.sana.sy\/es\/index.php?rest_route=%2Fwp%2Fv2%2Fcategories&post=325390"},{"taxonomy":"post_tag","embeddable":true,"href":"https:\/\/archive.sana.sy\/es\/index.php?rest_route=%2Fwp%2Fv2%2Ftags&post=325390"}],"curies":[{"name":"wp","href":"https:\/\/api.w.org\/{rel}","templated":true}]}}