{"id":325398,"date":"2024-03-24T12:05:29","date_gmt":"2024-03-24T09:05:29","guid":{"rendered":"https:\/\/sana.sy\/es\/?p=325398"},"modified":"2024-03-24T12:05:29","modified_gmt":"2024-03-24T09:05:29","slug":"ministerio-palestino-de-salud-el-numero-de-victimas-de-la-actual-agresion-israeli-contra-la-franja-de-gaza-asciende-a-32-226-muertos-y-74-518-heridos","status":"publish","type":"post","link":"https:\/\/archive.sana.sy\/es\/?p=325398","title":{"rendered":"Ministerio palestino de Salud: El n\u00famero de v\u00edctimas de la actual agresi\u00f3n israel\u00ed contra la Franja de Gaza asciende a 32.226 muertos y 74.518 heridos."},"content":{"rendered":"","protected":false},"excerpt":{"rendered":"","protected":false},"author":42,"featured_media":0,"comment_status":"closed","ping_status":"closed","sticky":false,"template":"","format":"standard","meta":{"footnotes":""},"categories":[20724,596],"tags":[],"class_list":["post-325398","post","type-post","status-publish","format-standard","","category-minuto-a-minuto","category-urgente"],"_links":{"self":[{"href":"https:\/\/archive.sana.sy\/es\/index.php?rest_route=\/wp\/v2\/posts\/325398"}],"collection":[{"href":"https:\/\/archive.sana.sy\/es\/index.php?rest_route=\/wp\/v2\/posts"}],"about":[{"href":"https:\/\/archive.sana.sy\/es\/index.php?rest_route=\/wp\/v2\/types\/post"}],"author":[{"embeddable":true,"href":"https:\/\/archive.sana.sy\/es\/index.php?rest_route=\/wp\/v2\/users\/42"}],"replies":[{"embeddable":true,"href":"https:\/\/archive.sana.sy\/es\/index.php?rest_route=%2Fwp%2Fv2%2Fcomments&post=325398"}],"version-history":[{"count":1,"href":"https:\/\/archive.sana.sy\/es\/index.php?rest_route=\/wp\/v2\/posts\/325398\/revisions"}],"predecessor-version":[{"id":325401,"href":"https:\/\/archive.sana.sy\/es\/index.php?rest_route=\/wp\/v2\/posts\/325398\/revisions\/325401"}],"wp:attachment":[{"href":"https:\/\/archive.sana.sy\/es\/index.php?rest_route=%2Fwp%2Fv2%2Fmedia&parent=325398"}],"wp:term":[{"taxonomy":"category","embeddable":true,"href":"https:\/\/archive.sana.sy\/es\/index.php?rest_route=%2Fwp%2Fv2%2Fcategories&post=325398"},{"taxonomy":"post_tag","embeddable":true,"href":"https:\/\/archive.sana.sy\/es\/index.php?rest_route=%2Fwp%2Fv2%2Ftags&post=325398"}],"curies":[{"name":"wp","href":"https:\/\/api.w.org\/{rel}","templated":true}]}}