{"id":32540,"date":"2015-10-30T15:34:56","date_gmt":"2015-10-30T13:34:56","guid":{"rendered":"http:\/\/sana.sy\/es\/?p=32540"},"modified":"2015-10-31T15:07:32","modified_gmt":"2015-10-31T13:07:32","slug":"mogherini-destaca-en-la-cumbre-de-viena-la-enorme-importancia-para-el-siria","status":"publish","type":"post","link":"https:\/\/archive.sana.sy\/es\/?p=32540","title":{"rendered":"Mogherini destaca importancia de  la cumbre de Viena sobre Siria"},"content":{"rendered":"<p style=\"text-align: justify\"><span style=\"color: #800000\">Viena, SANA<\/span>&#8211; El encuentro multilateral sobre la soluci\u00f3n del conflicto sirio, celebrado el jueves en Viena, es un testimonio de la disposici\u00f3n de las partes de alcanzar un compromiso para implementar el proceso pol\u00edtico en Siria, declar\u00f3 la jefa de la diplomacia europea, Federica Mogherini.<\/p>\n<p style=\"text-align: justify\">&#8220;Considero que se trata ya de un compromiso definido, la decisi\u00f3n de las partes de estar aqu\u00ed hoy y ma\u00f1ana, la disposici\u00f3n de sentarse a la mesa de las conversaciones; es un paso muy importante&#8221;, se\u00f1al\u00f3.<\/p>\n<p style=\"text-align: justify\">Seg\u00fan Mogherini, &#8220;una semana atr\u00e1s algo as\u00ed resultaba dif\u00edcil de prever&#8221;.<\/p>\n<p style=\"text-align: justify\">Mogherini realiz\u00f3 estas declaraciones para la prensa tras su encuentro con el canciller de Ir\u00e1n, Mohamad Yavad Zarif, quien participa por primera vez en un encuentro multilateral sobre Siria.<\/p>\n<p style=\"text-align: justify\">Es de se\u00f1alar que hoy se unir\u00e1n a los ministros reunidos en Viena, altos responsables de Exteriores de otros trece pa\u00edses, entre ellos Ir\u00e1n, Alemania, Francia, Reino Unido, China y Om\u00e1n, as\u00ed como representantes de la ONU y de la Uni\u00f3n Europea (UE).<\/p>\n<p>M.Miri<\/p>\n","protected":false},"excerpt":{"rendered":"<p>Viena, SANA&#8211; El encuentro multilateral sobre la soluci\u00f3n del conflicto sirio, celebrado el jueves en Viena, es un testimonio de la disposici\u00f3n de las partes de alcanzar un compromiso para implementar el proceso pol\u00edtico en Siria, declar\u00f3 la jefa de la diplomacia europea, Federica Mogherini. &#8220;Considero que se trata ya de un compromiso definido, la &hellip;<\/p>\n","protected":false},"author":1,"featured_media":32541,"comment_status":"closed","ping_status":"closed","sticky":false,"template":"","format":"standard","meta":{"footnotes":""},"categories":[456,457,576],"tags":[7244,7245],"class_list":["post-32540","post","type-post","status-publish","format-standard","has-post-thumbnail","","category-arabe-internacional-politica","category-noticias-arabe-internacional-politica","category-noticias-politicas","tag-mogherini-destaca-en-la-cumbre-de-viena-la-enorme-importancia-para-el-siria","tag-mogherini-destaca-importancia-de-la-cumbre-de-viena-sobre-siria"],"_links":{"self":[{"href":"https:\/\/archive.sana.sy\/es\/index.php?rest_route=\/wp\/v2\/posts\/32540"}],"collection":[{"href":"https:\/\/archive.sana.sy\/es\/index.php?rest_route=\/wp\/v2\/posts"}],"about":[{"href":"https:\/\/archive.sana.sy\/es\/index.php?rest_route=\/wp\/v2\/types\/post"}],"author":[{"embeddable":true,"href":"https:\/\/archive.sana.sy\/es\/index.php?rest_route=\/wp\/v2\/users\/1"}],"replies":[{"embeddable":true,"href":"https:\/\/archive.sana.sy\/es\/index.php?rest_route=%2Fwp%2Fv2%2Fcomments&post=32540"}],"version-history":[{"count":0,"href":"https:\/\/archive.sana.sy\/es\/index.php?rest_route=\/wp\/v2\/posts\/32540\/revisions"}],"wp:featuredmedia":[{"embeddable":true,"href":"https:\/\/archive.sana.sy\/es\/index.php?rest_route=\/wp\/v2\/media\/32541"}],"wp:attachment":[{"href":"https:\/\/archive.sana.sy\/es\/index.php?rest_route=%2Fwp%2Fv2%2Fmedia&parent=32540"}],"wp:term":[{"taxonomy":"category","embeddable":true,"href":"https:\/\/archive.sana.sy\/es\/index.php?rest_route=%2Fwp%2Fv2%2Fcategories&post=32540"},{"taxonomy":"post_tag","embeddable":true,"href":"https:\/\/archive.sana.sy\/es\/index.php?rest_route=%2Fwp%2Fv2%2Ftags&post=32540"}],"curies":[{"name":"wp","href":"https:\/\/api.w.org\/{rel}","templated":true}]}}