{"id":32544,"date":"2015-10-30T15:50:49","date_gmt":"2015-10-30T13:50:49","guid":{"rendered":"http:\/\/sana.sy\/es\/?p=32544"},"modified":"2015-10-30T16:02:24","modified_gmt":"2015-10-30T14:02:24","slug":"defensa-rusa-critica-la-desinformacion-sobre-la-operacion-rusa-en-siria","status":"publish","type":"post","link":"https:\/\/archive.sana.sy\/es\/?p=32544","title":{"rendered":"Defensa rusa critica la desinformaci\u00f3n sobre la operaci\u00f3n rusa en Siria"},"content":{"rendered":"<p>&nbsp;<\/p>\n<p style=\"text-align: justify\"><span style=\"color: #800000\">Mosc\u00fa, SANA<\/span>&#8211; Las publicaciones de los medios occidentales de que los bombardeos rusos en Siria supuestamente no se dirigen contra el grupo yihadista Estado Isl\u00e1mico (EI) son desinformaciones, denunci\u00f3 este viernes el portavoz del Ministerio de Defensa de Rusia, general mayor \u00cdgor Konashenkov.<\/p>\n<p style=\"text-align: justify\">&#8220;Llevamos ya una semana observando c\u00f3mo a trav\u00e9s de la agencia Reuters se difunde que el 80 por ciento de los ataques a\u00e9reos rusos supuestamente no apuntan contra el EI&#8221;, coment\u00f3.<\/p>\n<p style=\"text-align: justify\">Adem\u00e1s a\u00f1adi\u00f3 que el mismo de su publicaci\u00f3n, Reuters &#8220;recibi\u00f3 comentarios argumentados a esta desinformaci\u00f3n&#8221;.<\/p>\n<p style=\"text-align: justify\">El pasado martes, el diario ruso Kommersant public\u00f3 una entrevista del vocero de la Embajada estadounidense en Mosc\u00fa, William Stevens, en la que declar\u00f3 que &#8220;el 80 por ciento de los ataques a\u00e9reos rusos apuntaron contra blancos no ligados al EI&#8221;.<\/p>\n<p style=\"text-align: justify\">Konashenkov calific\u00f3 esta publicaci\u00f3n de &#8220;ingenuidad infantil&#8221;.<\/p>\n<p style=\"text-align: justify\">Desde el 30 de septiembre la aviaci\u00f3n rusa bombardea las posiciones del EI en Siria tras una petici\u00f3n del estado sirio.<\/p>\n<p style=\"text-align: justify\">Los aviones rusos han llevado a cabo un millar de ataques a\u00e9reos destruyendo infraestructuras del EI y abatiendo a yihadistas.<\/p>\n<p>M.Miri<\/p>\n","protected":false},"excerpt":{"rendered":"<p>&nbsp; Mosc\u00fa, SANA&#8211; Las publicaciones de los medios occidentales de que los bombardeos rusos en Siria supuestamente no se dirigen contra el grupo yihadista Estado Isl\u00e1mico (EI) son desinformaciones, denunci\u00f3 este viernes el portavoz del Ministerio de Defensa de Rusia, general mayor \u00cdgor Konashenkov. &#8220;Llevamos ya una semana observando c\u00f3mo a trav\u00e9s de la agencia &hellip;<\/p>\n","protected":false},"author":1,"featured_media":32546,"comment_status":"closed","ping_status":"closed","sticky":false,"template":"","format":"standard","meta":{"footnotes":""},"categories":[456,457,576],"tags":[7246],"class_list":["post-32544","post","type-post","status-publish","format-standard","has-post-thumbnail","","category-arabe-internacional-politica","category-noticias-arabe-internacional-politica","category-noticias-politicas","tag-defensa-rusa-critica-la-desinformacion-sobre-la-operacion-rusa-en-siria"],"_links":{"self":[{"href":"https:\/\/archive.sana.sy\/es\/index.php?rest_route=\/wp\/v2\/posts\/32544"}],"collection":[{"href":"https:\/\/archive.sana.sy\/es\/index.php?rest_route=\/wp\/v2\/posts"}],"about":[{"href":"https:\/\/archive.sana.sy\/es\/index.php?rest_route=\/wp\/v2\/types\/post"}],"author":[{"embeddable":true,"href":"https:\/\/archive.sana.sy\/es\/index.php?rest_route=\/wp\/v2\/users\/1"}],"replies":[{"embeddable":true,"href":"https:\/\/archive.sana.sy\/es\/index.php?rest_route=%2Fwp%2Fv2%2Fcomments&post=32544"}],"version-history":[{"count":0,"href":"https:\/\/archive.sana.sy\/es\/index.php?rest_route=\/wp\/v2\/posts\/32544\/revisions"}],"wp:featuredmedia":[{"embeddable":true,"href":"https:\/\/archive.sana.sy\/es\/index.php?rest_route=\/wp\/v2\/media\/32546"}],"wp:attachment":[{"href":"https:\/\/archive.sana.sy\/es\/index.php?rest_route=%2Fwp%2Fv2%2Fmedia&parent=32544"}],"wp:term":[{"taxonomy":"category","embeddable":true,"href":"https:\/\/archive.sana.sy\/es\/index.php?rest_route=%2Fwp%2Fv2%2Fcategories&post=32544"},{"taxonomy":"post_tag","embeddable":true,"href":"https:\/\/archive.sana.sy\/es\/index.php?rest_route=%2Fwp%2Fv2%2Ftags&post=32544"}],"curies":[{"name":"wp","href":"https:\/\/api.w.org\/{rel}","templated":true}]}}