{"id":325444,"date":"2024-03-24T15:43:30","date_gmt":"2024-03-24T12:43:30","guid":{"rendered":"https:\/\/sana.sy\/es\/?p=325444"},"modified":"2024-03-24T15:45:20","modified_gmt":"2024-03-24T12:45:20","slug":"107-mil-palestinos-entre-muertos-y-heridos-durante-160-dias-de-genocidio-israeli-contra-gaza","status":"publish","type":"post","link":"https:\/\/archive.sana.sy\/es\/?p=325444","title":{"rendered":"107 mil palestinos entre muertos y heridos durante 160 d\u00edas de genocidio israel\u00ed contra Gaza"},"content":{"rendered":"<p style=\"text-align: justify;\"><span style=\"color: #800000;\"><strong>Jerusal\u00e9n ocupada, 24 mar (SANA)<\/strong><\/span>\u00a0 El n\u00famero de v\u00edctimas durante 160 d\u00edas de agresi\u00f3n del ocupante israel\u00ed contra la Franja de Gaza aument\u00f3 a 32.226 muertos y 74.518 heridos, inform\u00f3 el Ministerio de Salud por medio de una comunicado.<\/p>\n<p style=\"text-align: justify;\">Aclar\u00f3 que durante las \u00faltimas 24 horas, las fuerzas sionistas cometieron 8 masacres, matando a 84 personas e hiriendo a otras 106.<\/p>\n<p style=\"text-align: justify;\">El ente de salud asegur\u00f3 que varias v\u00edctimas mortales siguen bajo los escombros y los equipos m\u00e9dicos y de defensa civil no pueden llegar a los mismos.<\/p>\n<p style=\"text-align: justify;\">\u201c12 hospitales est\u00e1n parcialmente operativos en la Franja de Gaza, seis de los cuales est\u00e1n en el norte de Gaza, adem\u00e1s de tres hospitales de campa\u00f1a y otros 7 centros de salud de la UNRWA siguen parcialmente operativos\u201d, precis\u00f3 el Ministerio.<\/p>\n<p style=\"text-align: justify;\">Se\u00f1al\u00f3 que el ocupante sigue asediando los hospitales Al-Amal y Nasser en la ciudad de Khan Yunis, y todos los equipos m\u00e9dicos se encuentran actualmente en peligro extremo y no pueden moverse en absoluto.<\/p>\n<p style=\"text-align: justify;\">fm\/rr<\/p>\n","protected":false},"excerpt":{"rendered":"<p>Jerusal\u00e9n ocupada, 24 mar (SANA)\u00a0 El n\u00famero de v\u00edctimas durante 160 d\u00edas de agresi\u00f3n del ocupante israel\u00ed contra la Franja de Gaza aument\u00f3 a 32.226 muertos y 74.518 heridos, inform\u00f3 el Ministerio de Salud por medio de una comunicado. Aclar\u00f3 que durante las \u00faltimas 24 horas, las fuerzas sionistas cometieron 8 masacres, matando a 84 &hellip;<\/p>\n","protected":false},"author":31,"featured_media":325445,"comment_status":"closed","ping_status":"closed","sticky":false,"template":"","format":"standard","meta":{"footnotes":""},"categories":[597,456,16687,583],"tags":[12002,1494],"class_list":["post-325444","post","type-post","status-publish","format-standard","has-post-thumbnail","","category-cinta-de-noticias","category-arabe-internacional-politica","category-internacionales","category-slide","tag-gaza","tag-palestina"],"_links":{"self":[{"href":"https:\/\/archive.sana.sy\/es\/index.php?rest_route=\/wp\/v2\/posts\/325444"}],"collection":[{"href":"https:\/\/archive.sana.sy\/es\/index.php?rest_route=\/wp\/v2\/posts"}],"about":[{"href":"https:\/\/archive.sana.sy\/es\/index.php?rest_route=\/wp\/v2\/types\/post"}],"author":[{"embeddable":true,"href":"https:\/\/archive.sana.sy\/es\/index.php?rest_route=\/wp\/v2\/users\/31"}],"replies":[{"embeddable":true,"href":"https:\/\/archive.sana.sy\/es\/index.php?rest_route=%2Fwp%2Fv2%2Fcomments&post=325444"}],"version-history":[{"count":1,"href":"https:\/\/archive.sana.sy\/es\/index.php?rest_route=\/wp\/v2\/posts\/325444\/revisions"}],"predecessor-version":[{"id":325446,"href":"https:\/\/archive.sana.sy\/es\/index.php?rest_route=\/wp\/v2\/posts\/325444\/revisions\/325446"}],"wp:featuredmedia":[{"embeddable":true,"href":"https:\/\/archive.sana.sy\/es\/index.php?rest_route=\/wp\/v2\/media\/325445"}],"wp:attachment":[{"href":"https:\/\/archive.sana.sy\/es\/index.php?rest_route=%2Fwp%2Fv2%2Fmedia&parent=325444"}],"wp:term":[{"taxonomy":"category","embeddable":true,"href":"https:\/\/archive.sana.sy\/es\/index.php?rest_route=%2Fwp%2Fv2%2Fcategories&post=325444"},{"taxonomy":"post_tag","embeddable":true,"href":"https:\/\/archive.sana.sy\/es\/index.php?rest_route=%2Fwp%2Fv2%2Ftags&post=325444"}],"curies":[{"name":"wp","href":"https:\/\/api.w.org\/{rel}","templated":true}]}}