{"id":325448,"date":"2024-03-24T17:25:51","date_gmt":"2024-03-24T14:25:51","guid":{"rendered":"https:\/\/sana.sy\/es\/?p=325448"},"modified":"2024-03-24T17:26:47","modified_gmt":"2024-03-24T14:26:47","slug":"medvedev-todos-los-involucrados-en-el-ataque-terrorista-de-crocus-son-objetivos-legales-de-rusia","status":"publish","type":"post","link":"https:\/\/archive.sana.sy\/es\/?p=325448","title":{"rendered":"Medvedev: Todos los involucrados en el ataque terrorista de Crocus son objetivos legales de Rusia"},"content":{"rendered":"<p style=\"text-align: justify;\"><span style=\"color: #800000;\"><strong>Mosc\u00fa, 24 mar (SANA)\u00a0<\/strong><\/span> \u00a0El vicepresidente del Consejo de Seguridad ruso, Dmitry Medvedev, anunci\u00f3 que todos los involucrados en el ataque terrorista en la sala de conciertos de Crocus City Hall son ahora un objetivo legal y principal de Rusia.<\/p>\n<p style=\"text-align: justify;\">&#8220;Nos vengaremos por todos. Y todos los implicados, independientemente de su pa\u00eds de origen o estatus, son a partir de ahora nuestro objetivo legal y principal. Esp\u00e9rennos, bastardos&#8221;, escribi\u00f3 Medvedev en su canal de Telegram.<\/p>\n<p>Previamente, Medv\u00e9dev declar\u00f3 que &#8220;los terroristas solo entienden el terror de la represalia&#8221; y si se determina que el atentado fue perpetrado por &#8220;terroristas del r\u00e9gimen de Kiev&#8221;, ser\u00e1 &#8220;imposible tratarlos a ellos y a sus inspiradores ideol\u00f3gicos de otra manera&#8221;.<\/p>\n<p style=\"text-align: justify;\">fm\/rr<\/p>\n","protected":false},"excerpt":{"rendered":"<p>Mosc\u00fa, 24 mar (SANA)\u00a0 \u00a0El vicepresidente del Consejo de Seguridad ruso, Dmitry Medvedev, anunci\u00f3 que todos los involucrados en el ataque terrorista en la sala de conciertos de Crocus City Hall son ahora un objetivo legal y principal de Rusia. &#8220;Nos vengaremos por todos. Y todos los implicados, independientemente de su pa\u00eds de origen o &hellip;<\/p>\n","protected":false},"author":31,"featured_media":325451,"comment_status":"closed","ping_status":"closed","sticky":false,"template":"","format":"standard","meta":{"footnotes":""},"categories":[597,456,16687],"tags":[8914,22480,6695],"class_list":["post-325448","post","type-post","status-publish","format-standard","has-post-thumbnail","","category-cinta-de-noticias","category-arabe-internacional-politica","category-internacionales","tag-ataque-terrorista","tag-crocus","tag-rusia"],"_links":{"self":[{"href":"https:\/\/archive.sana.sy\/es\/index.php?rest_route=\/wp\/v2\/posts\/325448"}],"collection":[{"href":"https:\/\/archive.sana.sy\/es\/index.php?rest_route=\/wp\/v2\/posts"}],"about":[{"href":"https:\/\/archive.sana.sy\/es\/index.php?rest_route=\/wp\/v2\/types\/post"}],"author":[{"embeddable":true,"href":"https:\/\/archive.sana.sy\/es\/index.php?rest_route=\/wp\/v2\/users\/31"}],"replies":[{"embeddable":true,"href":"https:\/\/archive.sana.sy\/es\/index.php?rest_route=%2Fwp%2Fv2%2Fcomments&post=325448"}],"version-history":[{"count":2,"href":"https:\/\/archive.sana.sy\/es\/index.php?rest_route=\/wp\/v2\/posts\/325448\/revisions"}],"predecessor-version":[{"id":325453,"href":"https:\/\/archive.sana.sy\/es\/index.php?rest_route=\/wp\/v2\/posts\/325448\/revisions\/325453"}],"wp:featuredmedia":[{"embeddable":true,"href":"https:\/\/archive.sana.sy\/es\/index.php?rest_route=\/wp\/v2\/media\/325451"}],"wp:attachment":[{"href":"https:\/\/archive.sana.sy\/es\/index.php?rest_route=%2Fwp%2Fv2%2Fmedia&parent=325448"}],"wp:term":[{"taxonomy":"category","embeddable":true,"href":"https:\/\/archive.sana.sy\/es\/index.php?rest_route=%2Fwp%2Fv2%2Fcategories&post=325448"},{"taxonomy":"post_tag","embeddable":true,"href":"https:\/\/archive.sana.sy\/es\/index.php?rest_route=%2Fwp%2Fv2%2Ftags&post=325448"}],"curies":[{"name":"wp","href":"https:\/\/api.w.org\/{rel}","templated":true}]}}