{"id":325463,"date":"2024-03-25T10:32:53","date_gmt":"2024-03-25T07:32:53","guid":{"rendered":"https:\/\/sana.sy\/es\/?p=325463"},"modified":"2024-03-25T14:25:44","modified_gmt":"2024-03-25T11:25:44","slug":"el-minuto-a-minuto-de-la-continua-agresion-israeli-contra-gaza-3","status":"publish","type":"post","link":"https:\/\/archive.sana.sy\/es\/?p=325463","title":{"rendered":"El minuto a minuto de la continua agresi\u00f3n israel\u00ed contra Gaza"},"content":{"rendered":"<p><strong><span style=\"color: #800000;\">Jerusal\u00e9n ocupada, 21 mar (SANA)\u00a0<\/span>\u00a0A continuaci\u00f3n, los desarrollos m\u00e1s recientes sobre la agresi\u00f3n israel\u00ed contra la Franja de Gaza:<\/strong><\/p>\n<p>\u2b55\ufe0f\u00a0Mueren nueve palestinos en bombardeo a\u00e9reo israel\u00ed contra una vivienda en la ciudad de Deir al-Balah, en el centro de Gaza.<\/p>\n<p>\u2b55\ufe0f\u00a0Combatientes de la resistencia palestina dispararon contra tres militares sionistas en las cercan\u00edas del Complejo M\u00e9dico Al-Shifa, al oeste de Gaza.<\/p>\n<p>\u2b55\ufe0f\u00a0La resistencia palestina atac\u00f3 con un misil a soldados israel\u00edes atrincherados dentro de un edificio en las cercan\u00edas del Complejo M\u00e9dico Al-Shifa, al oeste de Gaza.<\/p>\n<p>\u2b55\ufe0f\u00a0Aviones de guerra israel\u00edes bombardearon una vivienda palestina al este de la ciudad de Rafah, al sur de Gaza, lo que provoc\u00f3 la muerte de siete palestinos y la lesi\u00f3n de otros 20.<\/p>\n","protected":false},"excerpt":{"rendered":"<p>Jerusal\u00e9n ocupada, 21 mar (SANA)\u00a0\u00a0A continuaci\u00f3n, los desarrollos m\u00e1s recientes sobre la agresi\u00f3n israel\u00ed contra la Franja de Gaza: \u2b55\ufe0f\u00a0Mueren nueve palestinos en bombardeo a\u00e9reo israel\u00ed contra una vivienda en la ciudad de Deir al-Balah, en el centro de Gaza. \u2b55\ufe0f\u00a0Combatientes de la resistencia palestina dispararon contra tres militares sionistas en las cercan\u00edas del Complejo &hellip;<\/p>\n","protected":false},"author":35,"featured_media":325464,"comment_status":"closed","ping_status":"closed","sticky":false,"template":"","format":"standard","meta":{"footnotes":""},"categories":[597,456,16687,20724,583],"tags":[],"class_list":["post-325463","post","type-post","status-publish","format-standard","has-post-thumbnail","","category-cinta-de-noticias","category-arabe-internacional-politica","category-internacionales","category-minuto-a-minuto","category-slide"],"_links":{"self":[{"href":"https:\/\/archive.sana.sy\/es\/index.php?rest_route=\/wp\/v2\/posts\/325463"}],"collection":[{"href":"https:\/\/archive.sana.sy\/es\/index.php?rest_route=\/wp\/v2\/posts"}],"about":[{"href":"https:\/\/archive.sana.sy\/es\/index.php?rest_route=\/wp\/v2\/types\/post"}],"author":[{"embeddable":true,"href":"https:\/\/archive.sana.sy\/es\/index.php?rest_route=\/wp\/v2\/users\/35"}],"replies":[{"embeddable":true,"href":"https:\/\/archive.sana.sy\/es\/index.php?rest_route=%2Fwp%2Fv2%2Fcomments&post=325463"}],"version-history":[{"count":1,"href":"https:\/\/archive.sana.sy\/es\/index.php?rest_route=\/wp\/v2\/posts\/325463\/revisions"}],"predecessor-version":[{"id":325465,"href":"https:\/\/archive.sana.sy\/es\/index.php?rest_route=\/wp\/v2\/posts\/325463\/revisions\/325465"}],"wp:featuredmedia":[{"embeddable":true,"href":"https:\/\/archive.sana.sy\/es\/index.php?rest_route=\/wp\/v2\/media\/325464"}],"wp:attachment":[{"href":"https:\/\/archive.sana.sy\/es\/index.php?rest_route=%2Fwp%2Fv2%2Fmedia&parent=325463"}],"wp:term":[{"taxonomy":"category","embeddable":true,"href":"https:\/\/archive.sana.sy\/es\/index.php?rest_route=%2Fwp%2Fv2%2Fcategories&post=325463"},{"taxonomy":"post_tag","embeddable":true,"href":"https:\/\/archive.sana.sy\/es\/index.php?rest_route=%2Fwp%2Fv2%2Ftags&post=325463"}],"curies":[{"name":"wp","href":"https:\/\/api.w.org\/{rel}","templated":true}]}}