{"id":325481,"date":"2024-03-25T14:58:30","date_gmt":"2024-03-25T11:58:30","guid":{"rendered":"https:\/\/sana.sy\/es\/?p=325481"},"modified":"2024-03-25T15:02:08","modified_gmt":"2024-03-25T12:02:08","slug":"confirman-la-muerte-de-107-palestinos-en-gaza-durante-las-ultimas-24-horas","status":"publish","type":"post","link":"https:\/\/archive.sana.sy\/es\/?p=325481","title":{"rendered":"Confirman la muerte de 107 palestinos en Gaza durante las \u00faltimas 24 horas"},"content":{"rendered":"<p style=\"text-align: justify;\"><span style=\"color: #800000;\"><strong>Jerusal\u00e9n ocupada, 25 mar (SANA)<\/strong><\/span> El Ministerio palestino de Salud anunci\u00f3 hoy que el ocupante israel\u00ed cometi\u00f3 durante las \u00faltimas 24 horas, 11 masacres en la Franja de Gaza, dejando 107 muertos y 176 heridos.<\/p>\n<p style=\"text-align: justify;\">El n\u00famero de v\u00edctimas durante 171 d\u00edas de agresi\u00f3n aument\u00f3 a 32.333 muertos y 74.694 heridos, indic\u00f3 un comunicado del ente de salud.<\/p>\n<p style=\"text-align: justify;\"><a href=\"http:\/\/sana.sy\/es\/wp-content\/uploads\/2024\/03\/photo_2024-03-25_14-59-03.jpg\"><img loading=\"lazy\" decoding=\"async\" class=\" wp-image-325484 alignleft\" src=\"http:\/\/sana.sy\/es\/wp-content\/uploads\/2024\/03\/photo_2024-03-25_14-59-03.jpg\" alt=\"\" width=\"330\" height=\"235\" srcset=\"https:\/\/archive.sana.sy\/es\/wp-content\/uploads\/2024\/03\/photo_2024-03-25_14-59-03.jpg 1280w, https:\/\/archive.sana.sy\/es\/wp-content\/uploads\/2024\/03\/photo_2024-03-25_14-59-03-300x214.jpg 300w, https:\/\/archive.sana.sy\/es\/wp-content\/uploads\/2024\/03\/photo_2024-03-25_14-59-03-1024x730.jpg 1024w, https:\/\/archive.sana.sy\/es\/wp-content\/uploads\/2024\/03\/photo_2024-03-25_14-59-03-150x107.jpg 150w, https:\/\/archive.sana.sy\/es\/wp-content\/uploads\/2024\/03\/photo_2024-03-25_14-59-03-768x548.jpg 768w\" sizes=\"(max-width: 330px) 100vw, 330px\" \/><\/a>Agreg\u00f3 que cientos de v\u00edctimas mortales a\u00fan se encuentran bajo los escombros y en las carreteras, y las ambulancias y los equipos de defensa civil no pueden llegar a los mismos.<\/p>\n<p style=\"text-align: justify;\">Asimismo, la aviaci\u00f3n b\u00e9lica israel\u00ed volvi\u00f3 a atacar el edificio principal del Complejo M\u00e9dico Al-Shifa, al oeste de la ciudad de Gaza, mientras los militares sionistas siguen abusando de los desplazados, los pacientes y del personal m\u00e9dico, as\u00ed como arrestaron a muchos hombres, entre ellos algunos miembros de la personal m\u00e9dico y obligaron a mujeres y ni\u00f1os a abandonar el complejo.<\/p>\n<p style=\"text-align: justify;\">Durante el d\u00eda de hoy, 36 palestinos murieron y decenas resultaron heridos en nuevos bombardeos israel\u00edes en la Franja de Gaza.<\/p>\n<p style=\"text-align: justify;\">\u201cLos aviones de combate sionista s bombardearon viviendas en Rafah y Khan Yunis, en el sur de Gaza, y en Deir al-Balah en el centro, cobrando la vida de 36 palestinos e hiriendo a decenas\u201d, informaron medios palestinos.<\/p>\n<p style=\"text-align: justify;\">fmed<\/p>\n","protected":false},"excerpt":{"rendered":"<p>Jerusal\u00e9n ocupada, 25 mar (SANA) El Ministerio palestino de Salud anunci\u00f3 hoy que el ocupante israel\u00ed cometi\u00f3 durante las \u00faltimas 24 horas, 11 masacres en la Franja de Gaza, dejando 107 muertos y 176 heridos. El n\u00famero de v\u00edctimas durante 171 d\u00edas de agresi\u00f3n aument\u00f3 a 32.333 muertos y 74.694 heridos, indic\u00f3 un comunicado del &hellip;<\/p>\n","protected":false},"author":32,"featured_media":325482,"comment_status":"closed","ping_status":"closed","sticky":false,"template":"","format":"standard","meta":{"footnotes":""},"categories":[597,456,20724,583],"tags":[],"class_list":["post-325481","post","type-post","status-publish","format-standard","has-post-thumbnail","","category-cinta-de-noticias","category-arabe-internacional-politica","category-minuto-a-minuto","category-slide"],"_links":{"self":[{"href":"https:\/\/archive.sana.sy\/es\/index.php?rest_route=\/wp\/v2\/posts\/325481"}],"collection":[{"href":"https:\/\/archive.sana.sy\/es\/index.php?rest_route=\/wp\/v2\/posts"}],"about":[{"href":"https:\/\/archive.sana.sy\/es\/index.php?rest_route=\/wp\/v2\/types\/post"}],"author":[{"embeddable":true,"href":"https:\/\/archive.sana.sy\/es\/index.php?rest_route=\/wp\/v2\/users\/32"}],"replies":[{"embeddable":true,"href":"https:\/\/archive.sana.sy\/es\/index.php?rest_route=%2Fwp%2Fv2%2Fcomments&post=325481"}],"version-history":[{"count":4,"href":"https:\/\/archive.sana.sy\/es\/index.php?rest_route=\/wp\/v2\/posts\/325481\/revisions"}],"predecessor-version":[{"id":325487,"href":"https:\/\/archive.sana.sy\/es\/index.php?rest_route=\/wp\/v2\/posts\/325481\/revisions\/325487"}],"wp:featuredmedia":[{"embeddable":true,"href":"https:\/\/archive.sana.sy\/es\/index.php?rest_route=\/wp\/v2\/media\/325482"}],"wp:attachment":[{"href":"https:\/\/archive.sana.sy\/es\/index.php?rest_route=%2Fwp%2Fv2%2Fmedia&parent=325481"}],"wp:term":[{"taxonomy":"category","embeddable":true,"href":"https:\/\/archive.sana.sy\/es\/index.php?rest_route=%2Fwp%2Fv2%2Fcategories&post=325481"},{"taxonomy":"post_tag","embeddable":true,"href":"https:\/\/archive.sana.sy\/es\/index.php?rest_route=%2Fwp%2Fv2%2Ftags&post=325481"}],"curies":[{"name":"wp","href":"https:\/\/api.w.org\/{rel}","templated":true}]}}