{"id":325491,"date":"2024-03-25T16:05:45","date_gmt":"2024-03-25T13:05:45","guid":{"rendered":"https:\/\/sana.sy\/es\/?p=325491"},"modified":"2024-03-25T19:55:33","modified_gmt":"2024-03-25T16:55:33","slug":"la-guerra-contra-el-terrorismo-requiere-cooperacion-internacional-afirma-peskov","status":"publish","type":"post","link":"https:\/\/archive.sana.sy\/es\/?p=325491","title":{"rendered":"La guerra contra el terrorismo requiere cooperaci\u00f3n internacional, afirma Peskov"},"content":{"rendered":"<p style=\"text-align: justify;\"><span style=\"color: #800000;\"><strong>Mosc\u00fa, 25 mar (SANA)\u00a0<\/strong><\/span> \u00a0El portavoz presidencial ruso, Dmitry Peskov, destac\u00f3 que la guerra contra el terrorismo requiere una amplia cooperaci\u00f3n internacional y esfuerzos conjuntos.<\/p>\n<p style=\"text-align: justify;\">En una conferencia de prensa, el vocero asegur\u00f3 que ning\u00fan pa\u00eds puede ser completamente inmune a la amenaza y al peligro del terrorismo.<\/p>\n<p style=\"text-align: justify;\">&#8220;Los servicios competentes rusos est\u00e1n trabajando de forma independiente para investigar el ataque terrorista que tuvo como objetivo el complejo Crocus, y no se habla de ninguna ayuda de otros pa\u00edses&#8221;, asegur\u00f3 en respuesta a una pregunta sobre si el Kremlin recibi\u00f3 informaci\u00f3n de inteligencia espec\u00edfica de las agencias de inteligencia estadounidenses sobre el ataque terrorista.<\/p>\n<p style=\"text-align: justify;\">La informaci\u00f3n de la inteligencia se proporciona al Kremlin a trav\u00e9s de canales de los servicios de inteligencia, por lo que esta informaci\u00f3n pertenece a la categor\u00eda de informaci\u00f3n sensible y la cual no se divulga, dijo Peskov.<\/p>\n<p style=\"text-align: justify;\">ed\/fm<\/p>\n","protected":false},"excerpt":{"rendered":"<p>Mosc\u00fa, 25 mar (SANA)\u00a0 \u00a0El portavoz presidencial ruso, Dmitry Peskov, destac\u00f3 que la guerra contra el terrorismo requiere una amplia cooperaci\u00f3n internacional y esfuerzos conjuntos. En una conferencia de prensa, el vocero asegur\u00f3 que ning\u00fan pa\u00eds puede ser completamente inmune a la amenaza y al peligro del terrorismo. &#8220;Los servicios competentes rusos est\u00e1n trabajando de &hellip;<\/p>\n","protected":false},"author":31,"featured_media":325492,"comment_status":"closed","ping_status":"closed","sticky":false,"template":"","format":"standard","meta":{"footnotes":""},"categories":[597,456,16687,7541],"tags":[19747,6695,19642],"class_list":["post-325491","post","type-post","status-publish","format-standard","has-post-thumbnail","","category-cinta-de-noticias","category-arabe-internacional-politica","category-internacionales","category-ultimas-noticias","tag-guerra","tag-rusia","tag-terrorismo"],"_links":{"self":[{"href":"https:\/\/archive.sana.sy\/es\/index.php?rest_route=\/wp\/v2\/posts\/325491"}],"collection":[{"href":"https:\/\/archive.sana.sy\/es\/index.php?rest_route=\/wp\/v2\/posts"}],"about":[{"href":"https:\/\/archive.sana.sy\/es\/index.php?rest_route=\/wp\/v2\/types\/post"}],"author":[{"embeddable":true,"href":"https:\/\/archive.sana.sy\/es\/index.php?rest_route=\/wp\/v2\/users\/31"}],"replies":[{"embeddable":true,"href":"https:\/\/archive.sana.sy\/es\/index.php?rest_route=%2Fwp%2Fv2%2Fcomments&post=325491"}],"version-history":[{"count":1,"href":"https:\/\/archive.sana.sy\/es\/index.php?rest_route=\/wp\/v2\/posts\/325491\/revisions"}],"predecessor-version":[{"id":325493,"href":"https:\/\/archive.sana.sy\/es\/index.php?rest_route=\/wp\/v2\/posts\/325491\/revisions\/325493"}],"wp:featuredmedia":[{"embeddable":true,"href":"https:\/\/archive.sana.sy\/es\/index.php?rest_route=\/wp\/v2\/media\/325492"}],"wp:attachment":[{"href":"https:\/\/archive.sana.sy\/es\/index.php?rest_route=%2Fwp%2Fv2%2Fmedia&parent=325491"}],"wp:term":[{"taxonomy":"category","embeddable":true,"href":"https:\/\/archive.sana.sy\/es\/index.php?rest_route=%2Fwp%2Fv2%2Fcategories&post=325491"},{"taxonomy":"post_tag","embeddable":true,"href":"https:\/\/archive.sana.sy\/es\/index.php?rest_route=%2Fwp%2Fv2%2Ftags&post=325491"}],"curies":[{"name":"wp","href":"https:\/\/api.w.org\/{rel}","templated":true}]}}