{"id":325494,"date":"2024-03-25T17:06:26","date_gmt":"2024-03-25T14:06:26","guid":{"rendered":"https:\/\/sana.sy\/es\/?p=325494"},"modified":"2024-03-25T17:06:50","modified_gmt":"2024-03-25T14:06:50","slug":"informe-sobre-las-libertades-de-prensa-en-2023","status":"publish","type":"post","link":"https:\/\/archive.sana.sy\/es\/?p=325494","title":{"rendered":"Informe sobre las libertades de prensa en 2023"},"content":{"rendered":"<blockquote>\n<p style=\"text-align: justify;\"><span style=\"color: #993300;\">El informe mencion\u00f3 74 casos de violaciones cometidas por estas organizaciones que afectaron la libertad de prensa y periodistas, e incluy\u00f3 incidentes de asesinatos, arrestos, intimidaciones, agresiones e interrupciones en el proceso de prestaci\u00f3n adecuada de los servicios de los medios locales.<\/span><\/p>\n<\/blockquote>\n<p style=\"text-align: justify;\"><span style=\"color: #800000;\"><strong>Damasco, 25 mar (SANA)<\/strong> <\/span>La Uni\u00f3n de Periodistas de Siria lanz\u00f3 hoy el informe sobre las libertades de prensa en el a\u00f1o 2023 y pidi\u00f3 que se condenen los cr\u00edmenes contra los comunicadores sirios, incluidos los asesinatos.<\/p>\n<p style=\"text-align: justify;\">Durante el lanzamiento del informe en el Club de Periodistas de Damasco, la Uni\u00f3n denunci\u00f3 la violaci\u00f3n de los derechos de los comunicadores a manos de la milicia separatista Fuerzas Democr\u00e1ticas de Siria (FDS) y los grupos terroristas que operan bajo tutela y orden de las fuerzas turcas y estadounidenses de ocupaci\u00f3n.<\/p>\n<p style=\"text-align: justify;\">Los autores de estos cr\u00edmenes deben rendir cuentas y ser castigados, afirm\u00f3.<\/p>\n<p style=\"text-align: justify;\">El informe mencion\u00f3 74 casos de violaciones cometidas por estas organizaciones que afectaron la libertad de prensa y periodistas, e incluy\u00f3 incidentes de asesinatos, arrestos, intimidaciones, agresiones e interrupciones en el proceso de prestaci\u00f3n adecuada de los servicios de los medios locales.<\/p>\n<p style=\"text-align: justify;\">36 medios de comunicaci\u00f3n, emisoras y centros de radio y televisi\u00f3n han sido total o parcialmente destruidos debido a actos terroristas, revel\u00f3 el informe.<\/p>\n<p style=\"text-align: justify;\">La Uni\u00f3n inst\u00f3 a las organizaciones internacionales y de derechos humanos, a la Federaci\u00f3n Internacional de Periodistas, a la Uni\u00f3n de Periodistas \u00c1rabes y a los organismos interesados \u200b\u200ben la libertad de prensa y los derechos humanos a intensificar los esfuerzos para liberar al periodista Muhammad Al-Saghir y al activista de prensa Muhammad Rafi, ambos detenidos por la milicia separatista FDS<\/p>\n<p style=\"text-align: justify;\"><a href=\"http:\/\/sana.sy\/es\/wp-content\/uploads\/2024\/03\/photo_2024-03-25_16-20-49.jpg\"><img loading=\"lazy\" decoding=\"async\" class=\"wp-image-325496 alignleft\" src=\"http:\/\/sana.sy\/es\/wp-content\/uploads\/2024\/03\/photo_2024-03-25_16-20-49.jpg\" alt=\"\" width=\"460\" height=\"253\" srcset=\"https:\/\/archive.sana.sy\/es\/wp-content\/uploads\/2024\/03\/photo_2024-03-25_16-20-49.jpg 1280w, https:\/\/archive.sana.sy\/es\/wp-content\/uploads\/2024\/03\/photo_2024-03-25_16-20-49-300x165.jpg 300w, https:\/\/archive.sana.sy\/es\/wp-content\/uploads\/2024\/03\/photo_2024-03-25_16-20-49-1024x562.jpg 1024w, https:\/\/archive.sana.sy\/es\/wp-content\/uploads\/2024\/03\/photo_2024-03-25_16-20-49-150x82.jpg 150w, https:\/\/archive.sana.sy\/es\/wp-content\/uploads\/2024\/03\/photo_2024-03-25_16-20-49-768x422.jpg 768w\" sizes=\"(max-width: 460px) 100vw, 460px\" \/><\/a>Por otro lado, llam\u00f3 a los diputados en la Asamblea del Pueblo a estudiar las propuestas presentadas por la Uni\u00f3n sobre el proyecto de Ley de Medios de Comunicaci\u00f3n y a dialogar con las autoridades legislativas y judiciales para resolver la cuesti\u00f3n de la multiplicidad de referencias legales que rigen el trabajo de los periodistas, en un esfuerzo constante para que la Ley de Medios sea la reguladora de este trabajo.<\/p>\n<p style=\"text-align: justify;\">El informe tambi\u00e9n se centr\u00f3 en las repercusiones del bloqueo econ\u00f3mico impuesto a los periodistas y sus instituciones, los cr\u00edmenes del robo de las riquezas sirias, especialmente el petr\u00f3leo, por parte de las fuerzas de ocupaci\u00f3n estadounidenses y la milicia FDS, y los efectos del devastador terremoto que azot\u00f3 Siria sobre el sector de la prensa y los periodistas, lo que restringi\u00f3 sus condiciones de vida y su capacidad para brindar servicios medi\u00e1ticos a la sociedad.<\/p>\n<p style=\"text-align: justify;\"><a href=\"http:\/\/sana.sy\/es\/wp-content\/uploads\/2024\/03\/DSC_9329.jpg\"><img loading=\"lazy\" decoding=\"async\" class=\" wp-image-325497 alignleft\" src=\"http:\/\/sana.sy\/es\/wp-content\/uploads\/2024\/03\/DSC_9329.jpg\" alt=\"\" width=\"305\" height=\"203\" srcset=\"https:\/\/archive.sana.sy\/es\/wp-content\/uploads\/2024\/03\/DSC_9329.jpg 660w, https:\/\/archive.sana.sy\/es\/wp-content\/uploads\/2024\/03\/DSC_9329-300x200.jpg 300w, https:\/\/archive.sana.sy\/es\/wp-content\/uploads\/2024\/03\/DSC_9329-150x100.jpg 150w, https:\/\/archive.sana.sy\/es\/wp-content\/uploads\/2024\/03\/DSC_9329-310x205.jpg 310w\" sizes=\"(max-width: 305px) 100vw, 305px\" \/><\/a>El informe tambi\u00e9n document\u00f3 campa\u00f1as de difamaci\u00f3n llevadas a cabo por algunas plataformas sociales contra periodistas sirios, adem\u00e1s de casos de periodistas citados por delitos cibern\u00e9ticos y bas\u00e1ndose en acusaciones personales.<\/p>\n<p style=\"text-align: justify;\">En declaraciones a los periodistas, el miembro de la Direcci\u00f3n Central del Partido \u00c1rabe Socialista Baath y jefe de la Oficina de Formaci\u00f3n, Cultura e Informaci\u00f3n, Mahdi Dakhlallah, consider\u00f3 que el informe es importante y ofrece una imagen clara a la opini\u00f3n p\u00fablica exterior sobre la guerra terrorista impuesta a Siria, que afect\u00f3 a los periodistas sirios.<\/p>\n<p style=\"text-align: justify;\">El presidente de la Uni\u00f3n, Musa Abdel Nour, consider\u00f3 que este informe es importante en t\u00e9rminos de documentar con precisi\u00f3n todas las violaciones que enfrentan los periodistas sirios, mucho menos en medio de la difusi\u00f3n de informes que proporcionan estad\u00edsticas inexactas.<\/p>\n<p style=\"text-align: justify;\"><a href=\"http:\/\/sana.sy\/es\/wp-content\/uploads\/2024\/03\/DSC_9295.jpg\"><img loading=\"lazy\" decoding=\"async\" class=\" wp-image-325498 alignleft\" src=\"http:\/\/sana.sy\/es\/wp-content\/uploads\/2024\/03\/DSC_9295.jpg\" alt=\"\" width=\"302\" height=\"204\" srcset=\"https:\/\/archive.sana.sy\/es\/wp-content\/uploads\/2024\/03\/DSC_9295.jpg 660w, https:\/\/archive.sana.sy\/es\/wp-content\/uploads\/2024\/03\/DSC_9295-300x203.jpg 300w, https:\/\/archive.sana.sy\/es\/wp-content\/uploads\/2024\/03\/DSC_9295-150x101.jpg 150w, https:\/\/archive.sana.sy\/es\/wp-content\/uploads\/2024\/03\/DSC_9295-110x75.jpg 110w\" sizes=\"(max-width: 302px) 100vw, 302px\" \/><\/a>A su vez, la vicepresidenta de la Uni\u00f3n y jefa del Comit\u00e9 de Libertades, Raeda Waqaf, explic\u00f3 que este informe anual es el tercero de su tipo y adopt\u00f3 una metodolog\u00eda de investigaci\u00f3n y est\u00e1ndares internacionales al documentar las violaciones a la libertad de prensa que surgieron como resultado de las pr\u00e1cticas de las organizaciones terroristas y las milicias separatistas.<\/p>\n<p style=\"text-align: justify;\">fm<\/p>\n","protected":false},"excerpt":{"rendered":"<p>El informe mencion\u00f3 74 casos de violaciones cometidas por estas organizaciones que afectaron la libertad de prensa y periodistas, e incluy\u00f3 incidentes de asesinatos, arrestos, intimidaciones, agresiones e interrupciones en el proceso de prestaci\u00f3n adecuada de los servicios de los medios locales. Damasco, 25 mar (SANA) La Uni\u00f3n de Periodistas de Siria lanz\u00f3 hoy el &hellip;<\/p>\n","protected":false},"author":32,"featured_media":325495,"comment_status":"closed","ping_status":"closed","sticky":false,"template":"","format":"standard","meta":{"footnotes":""},"categories":[477,447,597,20724,476,583],"tags":[],"class_list":["post-325494","post","type-post","status-publish","format-standard","has-post-thumbnail","","category-noticias-edulcorantes","category-local-politica","category-cinta-de-noticias","category-minuto-a-minuto","category-locales","category-slide"],"_links":{"self":[{"href":"https:\/\/archive.sana.sy\/es\/index.php?rest_route=\/wp\/v2\/posts\/325494"}],"collection":[{"href":"https:\/\/archive.sana.sy\/es\/index.php?rest_route=\/wp\/v2\/posts"}],"about":[{"href":"https:\/\/archive.sana.sy\/es\/index.php?rest_route=\/wp\/v2\/types\/post"}],"author":[{"embeddable":true,"href":"https:\/\/archive.sana.sy\/es\/index.php?rest_route=\/wp\/v2\/users\/32"}],"replies":[{"embeddable":true,"href":"https:\/\/archive.sana.sy\/es\/index.php?rest_route=%2Fwp%2Fv2%2Fcomments&post=325494"}],"version-history":[{"count":2,"href":"https:\/\/archive.sana.sy\/es\/index.php?rest_route=\/wp\/v2\/posts\/325494\/revisions"}],"predecessor-version":[{"id":325500,"href":"https:\/\/archive.sana.sy\/es\/index.php?rest_route=\/wp\/v2\/posts\/325494\/revisions\/325500"}],"wp:featuredmedia":[{"embeddable":true,"href":"https:\/\/archive.sana.sy\/es\/index.php?rest_route=\/wp\/v2\/media\/325495"}],"wp:attachment":[{"href":"https:\/\/archive.sana.sy\/es\/index.php?rest_route=%2Fwp%2Fv2%2Fmedia&parent=325494"}],"wp:term":[{"taxonomy":"category","embeddable":true,"href":"https:\/\/archive.sana.sy\/es\/index.php?rest_route=%2Fwp%2Fv2%2Fcategories&post=325494"},{"taxonomy":"post_tag","embeddable":true,"href":"https:\/\/archive.sana.sy\/es\/index.php?rest_route=%2Fwp%2Fv2%2Ftags&post=325494"}],"curies":[{"name":"wp","href":"https:\/\/api.w.org\/{rel}","templated":true}]}}