{"id":32552,"date":"2015-10-30T17:40:59","date_gmt":"2015-10-30T15:40:59","guid":{"rendered":"http:\/\/sana.sy\/es\/?p=32552"},"modified":"2015-10-30T17:40:59","modified_gmt":"2015-10-30T15:40:59","slug":"iran-desmiente-su-aprobacion-de-una-transicion-siria-de-seis-meses","status":"publish","type":"post","link":"https:\/\/archive.sana.sy\/es\/?p=32552","title":{"rendered":"Ir\u00e1n desmiente su aprobaci\u00f3n de una transici\u00f3n siria de seis meses"},"content":{"rendered":"<p style=\"text-align: justify\"><span style=\"color: #800000\">Teher\u00e1n, SANA<\/span>&#8211; El vicecanciller iran\u00ed para Asuntos \u00c1rabes y Africanos, Hosein Amir Abdolahian, desmiente que Ir\u00e1n haya aceptado una propuesta de transici\u00f3n pol\u00edtica en Siria de seis meses.<\/p>\n<p style=\"text-align: justify\">El funcionario iran\u00ed ha rechazado este viernes de forma categ\u00f3rica los rumores difundidos por varios medios de comunicaci\u00f3n occidentales sobre una supuesta aprobaci\u00f3n por Teher\u00e1n de una propuesta de transici\u00f3n pol\u00edtica en Siria en un plazo de seis meses, Seg\u00fan inform\u00f3 la \u00a0agencia iran\u00ed de noticias FARS.<\/p>\n<p style=\"text-align: justify\">Los rumores se han propagado cuando los representantes de m\u00e1s de 17 pa\u00eds se encuentran en la capital de Austria, Viena, para abordar la situaci\u00f3n de Siria y tratar de encontrar una soluci\u00f3n pol\u00edtica para poner fin a la crisis siria.<\/p>\n<p>M.Miri<\/p>\n","protected":false},"excerpt":{"rendered":"<p>Teher\u00e1n, SANA&#8211; El vicecanciller iran\u00ed para Asuntos \u00c1rabes y Africanos, Hosein Amir Abdolahian, desmiente que Ir\u00e1n haya aceptado una propuesta de transici\u00f3n pol\u00edtica en Siria de seis meses. El funcionario iran\u00ed ha rechazado este viernes de forma categ\u00f3rica los rumores difundidos por varios medios de comunicaci\u00f3n occidentales sobre una supuesta aprobaci\u00f3n por Teher\u00e1n de una &hellip;<\/p>\n","protected":false},"author":1,"featured_media":32553,"comment_status":"closed","ping_status":"closed","sticky":false,"template":"","format":"standard","meta":{"footnotes":""},"categories":[597,456,457,576],"tags":[7248],"class_list":["post-32552","post","type-post","status-publish","format-standard","has-post-thumbnail","","category-cinta-de-noticias","category-arabe-internacional-politica","category-noticias-arabe-internacional-politica","category-noticias-politicas","tag-iran-desmiente-su-aprobacion-de-una-transicion-siria-de-seis-meses"],"_links":{"self":[{"href":"https:\/\/archive.sana.sy\/es\/index.php?rest_route=\/wp\/v2\/posts\/32552"}],"collection":[{"href":"https:\/\/archive.sana.sy\/es\/index.php?rest_route=\/wp\/v2\/posts"}],"about":[{"href":"https:\/\/archive.sana.sy\/es\/index.php?rest_route=\/wp\/v2\/types\/post"}],"author":[{"embeddable":true,"href":"https:\/\/archive.sana.sy\/es\/index.php?rest_route=\/wp\/v2\/users\/1"}],"replies":[{"embeddable":true,"href":"https:\/\/archive.sana.sy\/es\/index.php?rest_route=%2Fwp%2Fv2%2Fcomments&post=32552"}],"version-history":[{"count":0,"href":"https:\/\/archive.sana.sy\/es\/index.php?rest_route=\/wp\/v2\/posts\/32552\/revisions"}],"wp:featuredmedia":[{"embeddable":true,"href":"https:\/\/archive.sana.sy\/es\/index.php?rest_route=\/wp\/v2\/media\/32553"}],"wp:attachment":[{"href":"https:\/\/archive.sana.sy\/es\/index.php?rest_route=%2Fwp%2Fv2%2Fmedia&parent=32552"}],"wp:term":[{"taxonomy":"category","embeddable":true,"href":"https:\/\/archive.sana.sy\/es\/index.php?rest_route=%2Fwp%2Fv2%2Fcategories&post=32552"},{"taxonomy":"post_tag","embeddable":true,"href":"https:\/\/archive.sana.sy\/es\/index.php?rest_route=%2Fwp%2Fv2%2Ftags&post=32552"}],"curies":[{"name":"wp","href":"https:\/\/api.w.org\/{rel}","templated":true}]}}