{"id":325526,"date":"2024-03-26T17:02:28","date_gmt":"2024-03-26T14:02:28","guid":{"rendered":"https:\/\/sana.sy\/es\/?p=325526"},"modified":"2024-03-26T17:02:31","modified_gmt":"2024-03-26T14:02:31","slug":"presidente-al-assad-recibe-invitacion-para-participar-en-proxima-cumbre-arabe","status":"publish","type":"post","link":"https:\/\/archive.sana.sy\/es\/?p=325526","title":{"rendered":"Presidente Al-Assad recibe invitaci\u00f3n para participar en pr\u00f3xima cumbre \u00e1rabe"},"content":{"rendered":"<p style=\"text-align: justify\"><span style=\"color: #800000\"><strong>Damasco, 26 mar (SANA)<\/strong> <\/span>El presidente Bashar Al-Assad, recibi\u00f3 hoy un mensaje escrito de su majestad Hamad bin Isa Al Khalifa, Rey de Bahr\u00e9in.<\/p>\n<p style=\"text-align: justify\">El mensaje incluye una invitaci\u00f3n oficial para participar en la trig\u00e9simo tercera cumbre del Consejo de la Liga de Estados \u00c1rabes, que se celebrar\u00e1 el 16 de mayo pr\u00f3ximo en Manama, la capital de Bahr\u00e9in.<\/p>\n<p style=\"text-align: justify\">La invitaci\u00f3n fue entregada al presidente por el embajador del Reino de Bahr\u00e9in en Damasco, Wahid Mubarak Sayyar.<\/p>\n<p style=\"text-align: justify\">fm\/ed<\/p>\n","protected":false},"excerpt":{"rendered":"<p>Damasco, 26 mar (SANA) El presidente Bashar Al-Assad, recibi\u00f3 hoy un mensaje escrito de su majestad Hamad bin Isa Al Khalifa, Rey de Bahr\u00e9in. El mensaje incluye una invitaci\u00f3n oficial para participar en la trig\u00e9simo tercera cumbre del Consejo de la Liga de Estados \u00c1rabes, que se celebrar\u00e1 el 16 de mayo pr\u00f3ximo en Manama, &hellip;<\/p>\n","protected":false},"author":32,"featured_media":325529,"comment_status":"closed","ping_status":"closed","sticky":false,"template":"","format":"standard","meta":{"footnotes":""},"categories":[597,20724,476,583],"tags":[],"class_list":["post-325526","post","type-post","status-publish","format-standard","has-post-thumbnail","","category-cinta-de-noticias","category-minuto-a-minuto","category-locales","category-slide"],"_links":{"self":[{"href":"https:\/\/archive.sana.sy\/es\/index.php?rest_route=\/wp\/v2\/posts\/325526"}],"collection":[{"href":"https:\/\/archive.sana.sy\/es\/index.php?rest_route=\/wp\/v2\/posts"}],"about":[{"href":"https:\/\/archive.sana.sy\/es\/index.php?rest_route=\/wp\/v2\/types\/post"}],"author":[{"embeddable":true,"href":"https:\/\/archive.sana.sy\/es\/index.php?rest_route=\/wp\/v2\/users\/32"}],"replies":[{"embeddable":true,"href":"https:\/\/archive.sana.sy\/es\/index.php?rest_route=%2Fwp%2Fv2%2Fcomments&post=325526"}],"version-history":[{"count":2,"href":"https:\/\/archive.sana.sy\/es\/index.php?rest_route=\/wp\/v2\/posts\/325526\/revisions"}],"predecessor-version":[{"id":325550,"href":"https:\/\/archive.sana.sy\/es\/index.php?rest_route=\/wp\/v2\/posts\/325526\/revisions\/325550"}],"wp:featuredmedia":[{"embeddable":true,"href":"https:\/\/archive.sana.sy\/es\/index.php?rest_route=\/wp\/v2\/media\/325529"}],"wp:attachment":[{"href":"https:\/\/archive.sana.sy\/es\/index.php?rest_route=%2Fwp%2Fv2%2Fmedia&parent=325526"}],"wp:term":[{"taxonomy":"category","embeddable":true,"href":"https:\/\/archive.sana.sy\/es\/index.php?rest_route=%2Fwp%2Fv2%2Fcategories&post=325526"},{"taxonomy":"post_tag","embeddable":true,"href":"https:\/\/archive.sana.sy\/es\/index.php?rest_route=%2Fwp%2Fv2%2Ftags&post=325526"}],"curies":[{"name":"wp","href":"https:\/\/api.w.org\/{rel}","templated":true}]}}