{"id":325554,"date":"2024-03-26T18:11:27","date_gmt":"2024-03-26T15:11:27","guid":{"rendered":"https:\/\/sana.sy\/es\/?p=325554"},"modified":"2024-03-26T18:30:36","modified_gmt":"2024-03-26T15:30:36","slug":"8-martires-y-32-heridos-tras-agresion-de-aviones-estadounidenses-contra-zonas-de-deir-ezzor","status":"publish","type":"post","link":"https:\/\/archive.sana.sy\/es\/?p=325554","title":{"rendered":"Agresi\u00f3n de EEUU contra Siria mat\u00f3 a siete militares y un civil"},"content":{"rendered":"<p style=\"text-align: justify\"><span style=\"color: #800000\"><strong>Damasco, 26 mar (SANA) <\/strong><\/span>Una fuente militar inform\u00f3 hoy que en la madrugada de este martes, las fuerzas ocupantes de EEUU perpetraron una agresi\u00f3n mediante cazas y drones, contra varias ciudades, aldeas y puestos militares en la provincia nororiental de Deir Ezzor, a unos 450 kil\u00f3metros al nordeste de Damasco, la capital.<\/p>\n<p style=\"text-align: justify\">La acci\u00f3n hostil caus\u00f3 ocho muertos (siete militares y un civil), as\u00ed como caus\u00f3 heridas a 19 militares y 13 civiles.<\/p>\n<p style=\"text-align: justify\">Tambi\u00e9n ocasion\u00f3 importantes p\u00e9rdidas materiales en bienes p\u00fablicos y privados, agreg\u00f3 la fuente.<\/p>\n<p>la\/fm<\/p>\n","protected":false},"excerpt":{"rendered":"<p>Damasco, 26 mar (SANA) Una fuente militar inform\u00f3 hoy que en la madrugada de este martes, las fuerzas ocupantes de EEUU perpetraron una agresi\u00f3n mediante cazas y drones, contra varias ciudades, aldeas y puestos militares en la provincia nororiental de Deir Ezzor, a unos 450 kil\u00f3metros al nordeste de Damasco, la capital. La acci\u00f3n hostil &hellip;<\/p>\n","protected":false},"author":24,"featured_media":325555,"comment_status":"closed","ping_status":"closed","sticky":false,"template":"","format":"standard","meta":{"footnotes":""},"categories":[447,597,20724,476,448,583],"tags":[],"class_list":["post-325554","post","type-post","status-publish","format-standard","has-post-thumbnail","","category-local-politica","category-cinta-de-noticias","category-minuto-a-minuto","category-locales","category-noticias","category-slide"],"_links":{"self":[{"href":"https:\/\/archive.sana.sy\/es\/index.php?rest_route=\/wp\/v2\/posts\/325554"}],"collection":[{"href":"https:\/\/archive.sana.sy\/es\/index.php?rest_route=\/wp\/v2\/posts"}],"about":[{"href":"https:\/\/archive.sana.sy\/es\/index.php?rest_route=\/wp\/v2\/types\/post"}],"author":[{"embeddable":true,"href":"https:\/\/archive.sana.sy\/es\/index.php?rest_route=\/wp\/v2\/users\/24"}],"replies":[{"embeddable":true,"href":"https:\/\/archive.sana.sy\/es\/index.php?rest_route=%2Fwp%2Fv2%2Fcomments&post=325554"}],"version-history":[{"count":5,"href":"https:\/\/archive.sana.sy\/es\/index.php?rest_route=\/wp\/v2\/posts\/325554\/revisions"}],"predecessor-version":[{"id":325560,"href":"https:\/\/archive.sana.sy\/es\/index.php?rest_route=\/wp\/v2\/posts\/325554\/revisions\/325560"}],"wp:featuredmedia":[{"embeddable":true,"href":"https:\/\/archive.sana.sy\/es\/index.php?rest_route=\/wp\/v2\/media\/325555"}],"wp:attachment":[{"href":"https:\/\/archive.sana.sy\/es\/index.php?rest_route=%2Fwp%2Fv2%2Fmedia&parent=325554"}],"wp:term":[{"taxonomy":"category","embeddable":true,"href":"https:\/\/archive.sana.sy\/es\/index.php?rest_route=%2Fwp%2Fv2%2Fcategories&post=325554"},{"taxonomy":"post_tag","embeddable":true,"href":"https:\/\/archive.sana.sy\/es\/index.php?rest_route=%2Fwp%2Fv2%2Ftags&post=325554"}],"curies":[{"name":"wp","href":"https:\/\/api.w.org\/{rel}","templated":true}]}}