{"id":325576,"date":"2024-03-27T05:48:19","date_gmt":"2024-03-27T02:48:19","guid":{"rendered":"https:\/\/sana.sy\/es\/?p=325576"},"modified":"2024-03-27T05:48:19","modified_gmt":"2024-03-27T02:48:19","slug":"siria-condena-brutal-agresion-estadounidense-y-ratifica-su-derecho-a-defenderse","status":"publish","type":"post","link":"https:\/\/archive.sana.sy\/es\/?p=325576","title":{"rendered":"Siria condena brutal agresi\u00f3n estadounidense y ratifica su derecho a defenderse"},"content":{"rendered":"<p style=\"text-align: justify;\"><span style=\"color: #800000;\"><strong>Damasco, 27 mar (SANA)<\/strong> <\/span>El gobierno sirio expres\u00f3 hoy su condena a la brutal agresi\u00f3n estadounidense cometida contra localidades y posiciones militares en la provincia de Deir Ezzor y provoc\u00f3 la muerte de siete soldados y un civil, y lesiones a otras 32 personas, adem\u00e1s ocasionar p\u00e9rdidas materiales en propiedades p\u00fablicas y privadas.<\/p>\n<p style=\"text-align: justify;\">\u201cEs obvio que las fuerzas estadounidenses y las del ocupante sionista est\u00e1n intercambiando roles para atizar la situaci\u00f3n en la regi\u00f3n y continuar sus actos agresivos en Siria, Palestina y otros pa\u00edses que mantienen posici\u00f3n firme de condena a las masacres cometidas por las fuerzas estadounidenses y sionistas en la regi\u00f3n\u201d, indic\u00f3 un comunicado del Ministerio de Asuntos Exteriores y Expatriados.<\/p>\n<p style=\"text-align: justify;\">La nota afirma que las acciones de EEUU e \u201cIsrael\u201d generan un estado de tensi\u00f3n y explosi\u00f3n en la regi\u00f3n porque cada vez que la situaci\u00f3n se calma en un lugar se empe\u00f1an para escalarla en otros lugares con el fin de mantener a Oriente Medio en situaci\u00f3n explosiva y lejos de lograr la paz justa y global.<\/p>\n<p style=\"text-align: justify;\">El Ministerio a\u00f1adi\u00f3 que \u201cSiria condena esta agresi\u00f3n y reafirma su derecho a la leg\u00edtima defensa y responder al agresor por los medios previstos por el derecho internacional\u201d, y se\u00f1al\u00f3 que \u201cDamasco no puede olvidar a quienes agreden sus tierras y cometen cr\u00edmenes contra su pueblo&#8221;.<\/p>\n<p style=\"text-align: justify;\">&#8220;Estados Unidos act\u00faa como el Gendarme del mundo con pretextos condenados por la Ley Internacional y el derecho humanitario. Por ello, deben poner fin a su presencia ilegal en territorio sirio y a su abierto apoyo al Daesh y otras organizaciones terroristas, que el propio EEUU financia, arma y alienta a cometer actos terroristas, como sucedi\u00f3 recientemente en ciertos pa\u00edses\u201d, afirm\u00f3.<\/p>\n<p style=\"text-align: justify;\">La Canciller\u00eda concluy\u00f3 su declaraci\u00f3n con llamar a los pa\u00edses del mundo que luchan por preservar su soberan\u00eda, libertad e independencia y defender los principios de los derechos humanos, a condenar esta agresi\u00f3n, expresar su rechazo y exigir que Estados Unidos pongan fin a su presencia ilegal y operaciones militares terroristas en la regi\u00f3n.<\/p>\n<p style=\"text-align: justify;\">fm<\/p>\n","protected":false},"excerpt":{"rendered":"<p>Damasco, 27 mar (SANA) El gobierno sirio expres\u00f3 hoy su condena a la brutal agresi\u00f3n estadounidense cometida contra localidades y posiciones militares en la provincia de Deir Ezzor y provoc\u00f3 la muerte de siete soldados y un civil, y lesiones a otras 32 personas, adem\u00e1s ocasionar p\u00e9rdidas materiales en propiedades p\u00fablicas y privadas. \u201cEs obvio &hellip;<\/p>\n","protected":false},"author":34,"featured_media":325577,"comment_status":"closed","ping_status":"closed","sticky":false,"template":"","format":"standard","meta":{"footnotes":""},"categories":[477,447,597,573,20724,476,583],"tags":[],"class_list":["post-325576","post","type-post","status-publish","format-standard","has-post-thumbnail","","category-noticias-edulcorantes","category-local-politica","category-cinta-de-noticias","category-la-realidad-de-los-acontecimientos-en-siria","category-minuto-a-minuto","category-locales","category-slide"],"_links":{"self":[{"href":"https:\/\/archive.sana.sy\/es\/index.php?rest_route=\/wp\/v2\/posts\/325576"}],"collection":[{"href":"https:\/\/archive.sana.sy\/es\/index.php?rest_route=\/wp\/v2\/posts"}],"about":[{"href":"https:\/\/archive.sana.sy\/es\/index.php?rest_route=\/wp\/v2\/types\/post"}],"author":[{"embeddable":true,"href":"https:\/\/archive.sana.sy\/es\/index.php?rest_route=\/wp\/v2\/users\/34"}],"replies":[{"embeddable":true,"href":"https:\/\/archive.sana.sy\/es\/index.php?rest_route=%2Fwp%2Fv2%2Fcomments&post=325576"}],"version-history":[{"count":1,"href":"https:\/\/archive.sana.sy\/es\/index.php?rest_route=\/wp\/v2\/posts\/325576\/revisions"}],"predecessor-version":[{"id":325578,"href":"https:\/\/archive.sana.sy\/es\/index.php?rest_route=\/wp\/v2\/posts\/325576\/revisions\/325578"}],"wp:featuredmedia":[{"embeddable":true,"href":"https:\/\/archive.sana.sy\/es\/index.php?rest_route=\/wp\/v2\/media\/325577"}],"wp:attachment":[{"href":"https:\/\/archive.sana.sy\/es\/index.php?rest_route=%2Fwp%2Fv2%2Fmedia&parent=325576"}],"wp:term":[{"taxonomy":"category","embeddable":true,"href":"https:\/\/archive.sana.sy\/es\/index.php?rest_route=%2Fwp%2Fv2%2Fcategories&post=325576"},{"taxonomy":"post_tag","embeddable":true,"href":"https:\/\/archive.sana.sy\/es\/index.php?rest_route=%2Fwp%2Fv2%2Ftags&post=325576"}],"curies":[{"name":"wp","href":"https:\/\/api.w.org\/{rel}","templated":true}]}}