{"id":325579,"date":"2024-03-27T18:05:50","date_gmt":"2024-03-27T15:05:50","guid":{"rendered":"https:\/\/sana.sy\/es\/?p=325579"},"modified":"2024-03-27T18:06:40","modified_gmt":"2024-03-27T15:06:40","slug":"siria-ratifica-su-derecho-inalienable-a-recuperar-el-golan-ocupado","status":"publish","type":"post","link":"https:\/\/archive.sana.sy\/es\/?p=325579","title":{"rendered":"Siria ratifica su derecho inalienable a recuperar el Gol\u00e1n ocupado"},"content":{"rendered":"<p style=\"text-align: justify\"><span style=\"color: #800000\"><strong>Ginebra, 27 mar (SANA)\u00a0<\/strong> <\/span>Siria reafirm\u00f3 su derecho inalienable a recuperar el Gol\u00e1n sirio ocupado y consider\u00f3 que la impunidad ofrecida a \u201cIsrael\u201d alienta a esta entidad ilegal a persistir en sus ataques criminales y terroristas, lo que constituye una amenaza a la paz y la seguridad mundiales.<\/p>\n<p style=\"text-align: justify\">Esta postura fue expresada por el representante permanente de Siria ante la Oficina de las Naciones Unidas y otras organizaciones internacionales con sedes en Ginebra, el embajador Haider Ali Ahmed, durante el 55\u00ba per\u00edodo de sesiones del Consejo de Derechos Humanos para bordar la situaci\u00f3n de los derechos humanos en Palestina y los dem\u00e1s territorios \u00e1rabes ocupados.<\/p>\n<p style=\"text-align: justify\"><img loading=\"lazy\" decoding=\"async\" class=\"wp-image-325580 alignleft\" src=\"http:\/\/sana.sy\/es\/wp-content\/uploads\/2024\/03\/siria-golan.jpeg\" alt=\"\" width=\"422\" height=\"211\" srcset=\"https:\/\/archive.sana.sy\/es\/wp-content\/uploads\/2024\/03\/siria-golan.jpeg 660w, https:\/\/archive.sana.sy\/es\/wp-content\/uploads\/2024\/03\/siria-golan-300x150.jpeg 300w, https:\/\/archive.sana.sy\/es\/wp-content\/uploads\/2024\/03\/siria-golan-150x75.jpeg 150w\" sizes=\"(max-width: 422px) 100vw, 422px\" \/>Expres\u00f3 la condena categ\u00f3rica de Siria a los criminales del ocupante israel\u00ed y a todos aquellos que les brindan cobertura pol\u00edtica y apoyo militar y econ\u00f3mico para cometer m\u00e1s matanzas y derramamiento de sangre en Palestina ocupada.<\/p>\n<p style=\"text-align: justify\">\u201cLa Rep\u00fablica \u00c1rabe Siria afirma su derecho inalienable a recuperar el Gol\u00e1n sirio ocupado y pide a todos los pa\u00edses que no reconozcan ninguna medida adoptada por la potencia ocupante para consagrar su ocupaci\u00f3n y que se abstengan de proporcionar cualquier asistencia que le permita continuar su ocupaci\u00f3n y su violaci\u00f3n del derecho internacional, especialmente sus medidas de car\u00e1cter imperativo\u201d, afirm\u00f3 el delegado sirio.<\/p>\n<p style=\"text-align: justify\">Destac\u00f3 la necesidad de dejar de financiar o concluir transacciones comerciales con organizaciones y organismos involucrados en actividades de colonizaci\u00f3n o explotaci\u00f3n de recursos naturales en el Gol\u00e1n.<\/p>\n<p style=\"text-align: justify\">El diplom\u00e1tico inst\u00f3 a la comunidad internacional a ejercer presi\u00f3n para implementar las sucesivas recomendaciones de las Naciones Unidas para detener inmediata y completamente el establecimiento y la expansi\u00f3n de asentamientos israel\u00edes en el territorio palestino ocupado y el Gol\u00e1n sirio ocupado.<\/p>\n<p style=\"text-align: justify\">\u201cLa locura, la agresi\u00f3n y los cr\u00edmenes del ocupante no se limitaron al genocidio en la Franja de Gaza, sino que se extendieron a Cisjordania, los territorios sirios y el L\u00edbano\u201d, asever\u00f3.<\/p>\n<p style=\"text-align: justify\">Asegur\u00f3 que \u201cla situaci\u00f3n de impunidad sin precedentes ha alentado a Israel, la potencia ocupante, a persistir en sus ataques criminales y terroristas contra Siria y a lanzar repetidos ataques contra barrios residenciales e infraestructura civil, incluidos aeropuertos civiles, lo que ha perturbado la labor humanitaria de las Naciones Unidas y la interrupci\u00f3n repetida de los servicios a\u00e9reos utilizados con este fin, sin mencionar la amenaza que esto representa para la paz y la seguridad en la regi\u00f3n y el mundo, y una violaci\u00f3n del Acuerdo de Separaci\u00f3n de Fuerzas de 1974 y las resoluciones del Consejo de Seguridad, incluida la Resoluci\u00f3n 242. , 338 y 497.\u201d<\/p>\n<p style=\"text-align: justify\">El representante permanente de Siria denunci\u00f3 los continuos intentos de consagrar su ocupaci\u00f3n del Gol\u00e1n sirio ocupado y de crear hechos geogr\u00e1ficos y demogr\u00e1ficos para estabilizar el plan de anexi\u00f3n ilegal, as\u00ed como sigue robando tierras, apoder\u00e1ndose de recursos naturales e imponiendo paquetes de medidas discriminatorias contra nuestro pueblo en el Gol\u00e1n con el objetivo de marginarlos y luego expulsarlos de sus tierras y desplazarlos por la fuerza,<\/p>\n<p style=\"text-align: justify\">Ali Ahmed expres\u00f3 su agradecimiento a los pa\u00edses que expresaron su preocupaci\u00f3n por el derecho internacional y participaron en las discusiones sobre el Art\u00edculo Siete, cuyo objetivo es poner fin a una ocupaci\u00f3n que comete violaciones de derechos humanos graves, sistem\u00e1ticas, de largo plazo y sin precedentes.<\/p>\n<p>fm<\/p>\n<p style=\"text-align: justify\">\n","protected":false},"excerpt":{"rendered":"<p>Ginebra, 27 mar (SANA)\u00a0 Siria reafirm\u00f3 su derecho inalienable a recuperar el Gol\u00e1n sirio ocupado y consider\u00f3 que la impunidad ofrecida a \u201cIsrael\u201d alienta a esta entidad ilegal a persistir en sus ataques criminales y terroristas, lo que constituye una amenaza a la paz y la seguridad mundiales. Esta postura fue expresada por el representante &hellip;<\/p>\n","protected":false},"author":34,"featured_media":325581,"comment_status":"closed","ping_status":"closed","sticky":false,"template":"","format":"standard","meta":{"footnotes":""},"categories":[477,447,597,20724,476,7541],"tags":[],"class_list":["post-325579","post","type-post","status-publish","format-standard","has-post-thumbnail","","category-noticias-edulcorantes","category-local-politica","category-cinta-de-noticias","category-minuto-a-minuto","category-locales","category-ultimas-noticias"],"_links":{"self":[{"href":"https:\/\/archive.sana.sy\/es\/index.php?rest_route=\/wp\/v2\/posts\/325579"}],"collection":[{"href":"https:\/\/archive.sana.sy\/es\/index.php?rest_route=\/wp\/v2\/posts"}],"about":[{"href":"https:\/\/archive.sana.sy\/es\/index.php?rest_route=\/wp\/v2\/types\/post"}],"author":[{"embeddable":true,"href":"https:\/\/archive.sana.sy\/es\/index.php?rest_route=\/wp\/v2\/users\/34"}],"replies":[{"embeddable":true,"href":"https:\/\/archive.sana.sy\/es\/index.php?rest_route=%2Fwp%2Fv2%2Fcomments&post=325579"}],"version-history":[{"count":3,"href":"https:\/\/archive.sana.sy\/es\/index.php?rest_route=\/wp\/v2\/posts\/325579\/revisions"}],"predecessor-version":[{"id":325622,"href":"https:\/\/archive.sana.sy\/es\/index.php?rest_route=\/wp\/v2\/posts\/325579\/revisions\/325622"}],"wp:featuredmedia":[{"embeddable":true,"href":"https:\/\/archive.sana.sy\/es\/index.php?rest_route=\/wp\/v2\/media\/325581"}],"wp:attachment":[{"href":"https:\/\/archive.sana.sy\/es\/index.php?rest_route=%2Fwp%2Fv2%2Fmedia&parent=325579"}],"wp:term":[{"taxonomy":"category","embeddable":true,"href":"https:\/\/archive.sana.sy\/es\/index.php?rest_route=%2Fwp%2Fv2%2Fcategories&post=325579"},{"taxonomy":"post_tag","embeddable":true,"href":"https:\/\/archive.sana.sy\/es\/index.php?rest_route=%2Fwp%2Fv2%2Ftags&post=325579"}],"curies":[{"name":"wp","href":"https:\/\/api.w.org\/{rel}","templated":true}]}}