{"id":325587,"date":"2024-03-27T09:44:47","date_gmt":"2024-03-27T06:44:47","guid":{"rendered":"https:\/\/sana.sy\/es\/?p=325587"},"modified":"2024-03-27T09:45:31","modified_gmt":"2024-03-27T06:45:31","slug":"israel-ejecuto-a-ninos-en-el-complejo-medico-al-shifa-en-gaza","status":"publish","type":"post","link":"https:\/\/archive.sana.sy\/es\/?p=325587","title":{"rendered":"Israel ejecut\u00f3 a ni\u00f1os en el Complejo M\u00e9dico Al-Shifa en Gaza"},"content":{"rendered":"<p style=\"text-align: justify;\"><span style=\"color: #800000;\"><strong>Ginebra, 27 mar (SANA)<\/strong> <\/span>El Observatorio Euromediterr\u00e1neo de Derechos Humanos (Euro-Med) revel\u00f3 que las fuerzas del ocupante israel\u00ed cometieron una horrible masacre en el Complejo M\u00e9dico de Al-Shifa y sus alrededores en Gaza, donde los militares sionistas ejecutaron a sangre fr\u00eda a varios ni\u00f1os palestinos.<\/p>\n<p style=\"text-align: justify;\">Recabamos testimonies que exponen el asesinato deliberado de 13 menores palestinos de edades entre 4 y 16 a\u00f1os por parte del ej\u00e9rcito israel\u00ed en el hospital Al-Shifa, en el plazo de una semana, indic\u00f3 un comunicado del Euro-Med.<\/p>\n<p style=\"text-align: justify;\">Agreg\u00f3 que los israelitas abrieron fuego deliberadamente contra dos peque\u00f1os, de 6 y 9 a\u00f1os, a sangre fr\u00eda, en presencia de sus familiares y de los residentes de la zona, lo que provoc\u00f3 su muerte inmediata, por no mencionar los otros ni\u00f1os que murieron mientras estaban atrapados con sus familias dentro de sus viviendas o mientras intentaban huir de sus hogares.<\/p>\n<p style=\"text-align: justify;\">Los casos documentados de ejecuci\u00f3n violan las normas del derecho internacional y constituyen cr\u00edmenes de guerra y de lesa humanidad.<\/p>\n<p style=\"text-align: justify;\">ws\/fm<\/p>\n","protected":false},"excerpt":{"rendered":"<p>Ginebra, 27 mar (SANA) El Observatorio Euromediterr\u00e1neo de Derechos Humanos (Euro-Med) revel\u00f3 que las fuerzas del ocupante israel\u00ed cometieron una horrible masacre en el Complejo M\u00e9dico de Al-Shifa y sus alrededores en Gaza, donde los militares sionistas ejecutaron a sangre fr\u00eda a varios ni\u00f1os palestinos. Recabamos testimonies que exponen el asesinato deliberado de 13 menores &hellip;<\/p>\n","protected":false},"author":35,"featured_media":325588,"comment_status":"closed","ping_status":"closed","sticky":false,"template":"","format":"standard","meta":{"footnotes":""},"categories":[597,456,16687,20724,7541],"tags":[],"class_list":["post-325587","post","type-post","status-publish","format-standard","has-post-thumbnail","","category-cinta-de-noticias","category-arabe-internacional-politica","category-internacionales","category-minuto-a-minuto","category-ultimas-noticias"],"_links":{"self":[{"href":"https:\/\/archive.sana.sy\/es\/index.php?rest_route=\/wp\/v2\/posts\/325587"}],"collection":[{"href":"https:\/\/archive.sana.sy\/es\/index.php?rest_route=\/wp\/v2\/posts"}],"about":[{"href":"https:\/\/archive.sana.sy\/es\/index.php?rest_route=\/wp\/v2\/types\/post"}],"author":[{"embeddable":true,"href":"https:\/\/archive.sana.sy\/es\/index.php?rest_route=\/wp\/v2\/users\/35"}],"replies":[{"embeddable":true,"href":"https:\/\/archive.sana.sy\/es\/index.php?rest_route=%2Fwp%2Fv2%2Fcomments&post=325587"}],"version-history":[{"count":2,"href":"https:\/\/archive.sana.sy\/es\/index.php?rest_route=\/wp\/v2\/posts\/325587\/revisions"}],"predecessor-version":[{"id":325590,"href":"https:\/\/archive.sana.sy\/es\/index.php?rest_route=\/wp\/v2\/posts\/325587\/revisions\/325590"}],"wp:featuredmedia":[{"embeddable":true,"href":"https:\/\/archive.sana.sy\/es\/index.php?rest_route=\/wp\/v2\/media\/325588"}],"wp:attachment":[{"href":"https:\/\/archive.sana.sy\/es\/index.php?rest_route=%2Fwp%2Fv2%2Fmedia&parent=325587"}],"wp:term":[{"taxonomy":"category","embeddable":true,"href":"https:\/\/archive.sana.sy\/es\/index.php?rest_route=%2Fwp%2Fv2%2Fcategories&post=325587"},{"taxonomy":"post_tag","embeddable":true,"href":"https:\/\/archive.sana.sy\/es\/index.php?rest_route=%2Fwp%2Fv2%2Ftags&post=325587"}],"curies":[{"name":"wp","href":"https:\/\/api.w.org\/{rel}","templated":true}]}}