{"id":325610,"date":"2024-03-27T15:03:38","date_gmt":"2024-03-27T12:03:38","guid":{"rendered":"https:\/\/sana.sy\/es\/?p=325610"},"modified":"2024-03-27T15:03:38","modified_gmt":"2024-03-27T12:03:38","slug":"78-muertos-y-102-heridos-palestinos-en-nueva-jornada-del-genocidio-israeli-contra-gaza","status":"publish","type":"post","link":"https:\/\/archive.sana.sy\/es\/?p=325610","title":{"rendered":"78 muertos y 102 heridos palestinos en nueva jornada del genocidio israel\u00ed contra Gaza"},"content":{"rendered":"<p style=\"text-align: justify;\"><span style=\"color: #800000;\"><strong>Jerusal\u00e9n ocupada, 25 mar (SANA)<\/strong> <\/span>El Ministerio palestino de Salud anunci\u00f3 hoy que el ocupante israel\u00ed cometi\u00f3 durante las \u00faltimas 24 horas, 8 masacres en la Franja de Gaza, dejando 78 muertos y 102 heridos.<\/p>\n<p style=\"text-align: justify;\">El n\u00famero de v\u00edctimas durante 173 d\u00edas de agresi\u00f3n aument\u00f3 a 32.490 muertos y 74.889 heridos, indic\u00f3 un comunicado del ente de salud.<\/p>\n<p style=\"text-align: justify;\">Agreg\u00f3 que cientos de v\u00edctimas mortales a\u00fan se encuentran bajo los escombros y en las carreteras, y las ambulancias y los equipos de defensa civil no pueden llegar a los mismos.<\/p>\n<p style=\"text-align: justify;\">Durante este mi\u00e9rcoles que coincide el d\u00eda 173 de la agresi\u00f3n contra Gaza, al menos 9 palestinos murieron y otros resultaron heridos en bombardeo israel\u00ed contra dos casas en la ciudad de Rafah, al sur de la Franja de Gaza.<\/p>\n<p style=\"text-align: justify;\">Asimismo, dos palestinos perecieron como resultado de los bombardeos de la artiller\u00eda del ocupante al este del campo de refugiados de Bureij en la zona central de Gaza.<\/p>\n<p style=\"text-align: justify;\">En el barrio de Al-Daraj, dos palestinos perdieron la vida y otros resultaron heridos por el bombardeo de un avi\u00f3n del ocupante contra una casa.<\/p>\n<p style=\"text-align: justify;\">En el norte de la Franja de Gaza, un palestino muri\u00f3 y otros resultaron heridos en ataque israel\u00ed contra un grupo de personas que esperaba la ayuda al este de Beit Hanoun.<\/p>\n<p style=\"text-align: justify;\">fm<\/p>\n","protected":false},"excerpt":{"rendered":"<p>Jerusal\u00e9n ocupada, 25 mar (SANA) El Ministerio palestino de Salud anunci\u00f3 hoy que el ocupante israel\u00ed cometi\u00f3 durante las \u00faltimas 24 horas, 8 masacres en la Franja de Gaza, dejando 78 muertos y 102 heridos. El n\u00famero de v\u00edctimas durante 173 d\u00edas de agresi\u00f3n aument\u00f3 a 32.490 muertos y 74.889 heridos, indic\u00f3 un comunicado del &hellip;<\/p>\n","protected":false},"author":34,"featured_media":325611,"comment_status":"closed","ping_status":"closed","sticky":false,"template":"","format":"standard","meta":{"footnotes":""},"categories":[597,456,20724,583],"tags":[],"class_list":["post-325610","post","type-post","status-publish","format-standard","has-post-thumbnail","","category-cinta-de-noticias","category-arabe-internacional-politica","category-minuto-a-minuto","category-slide"],"_links":{"self":[{"href":"https:\/\/archive.sana.sy\/es\/index.php?rest_route=\/wp\/v2\/posts\/325610"}],"collection":[{"href":"https:\/\/archive.sana.sy\/es\/index.php?rest_route=\/wp\/v2\/posts"}],"about":[{"href":"https:\/\/archive.sana.sy\/es\/index.php?rest_route=\/wp\/v2\/types\/post"}],"author":[{"embeddable":true,"href":"https:\/\/archive.sana.sy\/es\/index.php?rest_route=\/wp\/v2\/users\/34"}],"replies":[{"embeddable":true,"href":"https:\/\/archive.sana.sy\/es\/index.php?rest_route=%2Fwp%2Fv2%2Fcomments&post=325610"}],"version-history":[{"count":1,"href":"https:\/\/archive.sana.sy\/es\/index.php?rest_route=\/wp\/v2\/posts\/325610\/revisions"}],"predecessor-version":[{"id":325612,"href":"https:\/\/archive.sana.sy\/es\/index.php?rest_route=\/wp\/v2\/posts\/325610\/revisions\/325612"}],"wp:featuredmedia":[{"embeddable":true,"href":"https:\/\/archive.sana.sy\/es\/index.php?rest_route=\/wp\/v2\/media\/325611"}],"wp:attachment":[{"href":"https:\/\/archive.sana.sy\/es\/index.php?rest_route=%2Fwp%2Fv2%2Fmedia&parent=325610"}],"wp:term":[{"taxonomy":"category","embeddable":true,"href":"https:\/\/archive.sana.sy\/es\/index.php?rest_route=%2Fwp%2Fv2%2Fcategories&post=325610"},{"taxonomy":"post_tag","embeddable":true,"href":"https:\/\/archive.sana.sy\/es\/index.php?rest_route=%2Fwp%2Fv2%2Ftags&post=325610"}],"curies":[{"name":"wp","href":"https:\/\/api.w.org\/{rel}","templated":true}]}}