{"id":325613,"date":"2024-03-27T15:20:16","date_gmt":"2024-03-27T12:20:16","guid":{"rendered":"https:\/\/sana.sy\/es\/?p=325613"},"modified":"2024-03-27T15:21:31","modified_gmt":"2024-03-27T12:21:31","slug":"ejercito-sirio-rechaza-dos-violentos-ataques-terroristas-en-alepo-e-idlib","status":"publish","type":"post","link":"https:\/\/archive.sana.sy\/es\/?p=325613","title":{"rendered":"Ej\u00e9rcito sirio rechaza dos violentos ataques terroristas en Alepo e Idlib"},"content":{"rendered":"<p style=\"text-align: justify;\"><span style=\"color: #800000;\"><strong>Damasco, 27 mar (SANA)<\/strong> <\/span>El Ministerio de Defensa inform\u00f3 hoy que unidades de las Fuerzas Armadas que operan en el frente de Kfarnubl en el sur de la provincia septentrional de Idlib repelieron un ataque violento de los grupos terroristas.<\/p>\n<p><img loading=\"lazy\" decoding=\"async\" class=\" wp-image-306807\" src=\"http:\/\/sana.sy\/es\/wp-content\/uploads\/2023\/08\/Agresion-israeli-contra-damasco-hiere-un-soldado.jpeg\" alt=\"Un militar sirio resulta herido por agresi\u00f3n israel\u00ed cerca de Damasco\" width=\"257\" height=\"144\" srcset=\"https:\/\/archive.sana.sy\/es\/wp-content\/uploads\/2023\/08\/Agresion-israeli-contra-damasco-hiere-un-soldado.jpeg 660w, https:\/\/archive.sana.sy\/es\/wp-content\/uploads\/2023\/08\/Agresion-israeli-contra-damasco-hiere-un-soldado-300x168.jpeg 300w, https:\/\/archive.sana.sy\/es\/wp-content\/uploads\/2023\/08\/Agresion-israeli-contra-damasco-hiere-un-soldado-150x84.jpeg 150w\" sizes=\"(max-width: 257px) 100vw, 257px\" \/><\/p>\n<p style=\"text-align: justify;\">\u201cLa ofensiva fue lanzada a la hora del Iftar y participaron en la misma un gran n\u00famero de irregulares, y adem\u00e1s, fue acompa\u00f1ada con intenso bombardeo con cohetes contra los puntos militares\u201d, inform\u00f3 el ente castrense por medio de una nota de prensa.<\/p>\n<p style=\"text-align: justify;\">Agreg\u00f3 que los uniformados pudieron frustrar el ataque y retirar los cuerpos de varios de los atacantes.<\/p>\n<p style=\"text-align: justify;\">Por otro lado, una unidad rechaz\u00f3 ataque de un grupo terrorista contra un punto militar en el norte de Alepo, en el norte del pa\u00eds.<\/p>\n<p style=\"text-align: justify;\">fm<\/p>\n","protected":false},"excerpt":{"rendered":"<p>Damasco, 27 mar (SANA) El Ministerio de Defensa inform\u00f3 hoy que unidades de las Fuerzas Armadas que operan en el frente de Kfarnubl en el sur de la provincia septentrional de Idlib repelieron un ataque violento de los grupos terroristas. \u201cLa ofensiva fue lanzada a la hora del Iftar y participaron en la misma un &hellip;<\/p>\n","protected":false},"author":34,"featured_media":325614,"comment_status":"closed","ping_status":"closed","sticky":false,"template":"","format":"standard","meta":{"footnotes":""},"categories":[477,447,597,573,20724,476,583],"tags":[],"class_list":["post-325613","post","type-post","status-publish","format-standard","has-post-thumbnail","","category-noticias-edulcorantes","category-local-politica","category-cinta-de-noticias","category-la-realidad-de-los-acontecimientos-en-siria","category-minuto-a-minuto","category-locales","category-slide"],"_links":{"self":[{"href":"https:\/\/archive.sana.sy\/es\/index.php?rest_route=\/wp\/v2\/posts\/325613"}],"collection":[{"href":"https:\/\/archive.sana.sy\/es\/index.php?rest_route=\/wp\/v2\/posts"}],"about":[{"href":"https:\/\/archive.sana.sy\/es\/index.php?rest_route=\/wp\/v2\/types\/post"}],"author":[{"embeddable":true,"href":"https:\/\/archive.sana.sy\/es\/index.php?rest_route=\/wp\/v2\/users\/34"}],"replies":[{"embeddable":true,"href":"https:\/\/archive.sana.sy\/es\/index.php?rest_route=%2Fwp%2Fv2%2Fcomments&post=325613"}],"version-history":[{"count":3,"href":"https:\/\/archive.sana.sy\/es\/index.php?rest_route=\/wp\/v2\/posts\/325613\/revisions"}],"predecessor-version":[{"id":325617,"href":"https:\/\/archive.sana.sy\/es\/index.php?rest_route=\/wp\/v2\/posts\/325613\/revisions\/325617"}],"wp:featuredmedia":[{"embeddable":true,"href":"https:\/\/archive.sana.sy\/es\/index.php?rest_route=\/wp\/v2\/media\/325614"}],"wp:attachment":[{"href":"https:\/\/archive.sana.sy\/es\/index.php?rest_route=%2Fwp%2Fv2%2Fmedia&parent=325613"}],"wp:term":[{"taxonomy":"category","embeddable":true,"href":"https:\/\/archive.sana.sy\/es\/index.php?rest_route=%2Fwp%2Fv2%2Fcategories&post=325613"},{"taxonomy":"post_tag","embeddable":true,"href":"https:\/\/archive.sana.sy\/es\/index.php?rest_route=%2Fwp%2Fv2%2Ftags&post=325613"}],"curies":[{"name":"wp","href":"https:\/\/api.w.org\/{rel}","templated":true}]}}