{"id":325630,"date":"2024-03-27T19:16:49","date_gmt":"2024-03-27T16:16:49","guid":{"rendered":"https:\/\/sana.sy\/es\/?p=325630"},"modified":"2024-03-27T20:26:22","modified_gmt":"2024-03-27T17:26:22","slug":"israel-es-el-raiz-de-la-desestabilizacion-de-la-region-afirma-raisi","status":"publish","type":"post","link":"https:\/\/archive.sana.sy\/es\/?p=325630","title":{"rendered":"&#8220;Israel&#8221; es la ra\u00edz de la desestabilizaci\u00f3n de la regi\u00f3n, afirma Raisi"},"content":{"rendered":"<p style=\"text-align: justify\"><span style=\"color: #800000\"><strong>Teher\u00e1n, 27 mar (SANA)<\/strong> <\/span>El presidente de la Rep\u00fablica Isl\u00e1mica de Ir\u00e1n, Ibrahim Raisi, asever\u00f3 que la entidad sionista es la ra\u00edz de la desestabilizaci\u00f3n en la regi\u00f3n, y la tach\u00f3 de \u201cuna entidad anti- paz\u201d.<\/p>\n<p style=\"text-align: justify\">El mandatario iran\u00ed expres\u00f3 esta postura durante una reuni\u00f3n con el jefe del despacho pol\u00edtico del movimiento Ham\u00e1s, Ismail Hanieh.<\/p>\n<p style=\"text-align: justify\">Confirm\u00f3 que la causa palestina se ha convertido en una causa humanitaria internacional gracias a la resistencia de los palestinos en Gaza.<\/p>\n<p style=\"text-align: justify\">Asimismo consider\u00f3 que los recientes acontecimientos en Gaza mostraron la verdadera cara de EEUU y Occidente, pa\u00edses que patrocinan a un ente que mata a ni\u00f1os.<\/p>\n<p style=\"text-align: justify\">Expres\u00f3 su fe en que Palestina lograr\u00e1 la victoria definitiva, reiterando el firme apoyo de su pa\u00eds a los derechos inalienables del pueblo palestino.<\/p>\n<p style=\"text-align: justify\">la<\/p>\n","protected":false},"excerpt":{"rendered":"<p>Teher\u00e1n, 27 mar (SANA) El presidente de la Rep\u00fablica Isl\u00e1mica de Ir\u00e1n, Ibrahim Raisi, asever\u00f3 que la entidad sionista es la ra\u00edz de la desestabilizaci\u00f3n en la regi\u00f3n, y la tach\u00f3 de \u201cuna entidad anti- paz\u201d. El mandatario iran\u00ed expres\u00f3 esta postura durante una reuni\u00f3n con el jefe del despacho pol\u00edtico del movimiento Ham\u00e1s, Ismail &hellip;<\/p>\n","protected":false},"author":24,"featured_media":325632,"comment_status":"closed","ping_status":"closed","sticky":false,"template":"","format":"standard","meta":{"footnotes":""},"categories":[597,456,16687,20724,7541],"tags":[],"class_list":["post-325630","post","type-post","status-publish","format-standard","has-post-thumbnail","","category-cinta-de-noticias","category-arabe-internacional-politica","category-internacionales","category-minuto-a-minuto","category-ultimas-noticias"],"_links":{"self":[{"href":"https:\/\/archive.sana.sy\/es\/index.php?rest_route=\/wp\/v2\/posts\/325630"}],"collection":[{"href":"https:\/\/archive.sana.sy\/es\/index.php?rest_route=\/wp\/v2\/posts"}],"about":[{"href":"https:\/\/archive.sana.sy\/es\/index.php?rest_route=\/wp\/v2\/types\/post"}],"author":[{"embeddable":true,"href":"https:\/\/archive.sana.sy\/es\/index.php?rest_route=\/wp\/v2\/users\/24"}],"replies":[{"embeddable":true,"href":"https:\/\/archive.sana.sy\/es\/index.php?rest_route=%2Fwp%2Fv2%2Fcomments&post=325630"}],"version-history":[{"count":6,"href":"https:\/\/archive.sana.sy\/es\/index.php?rest_route=\/wp\/v2\/posts\/325630\/revisions"}],"predecessor-version":[{"id":325644,"href":"https:\/\/archive.sana.sy\/es\/index.php?rest_route=\/wp\/v2\/posts\/325630\/revisions\/325644"}],"wp:featuredmedia":[{"embeddable":true,"href":"https:\/\/archive.sana.sy\/es\/index.php?rest_route=\/wp\/v2\/media\/325632"}],"wp:attachment":[{"href":"https:\/\/archive.sana.sy\/es\/index.php?rest_route=%2Fwp%2Fv2%2Fmedia&parent=325630"}],"wp:term":[{"taxonomy":"category","embeddable":true,"href":"https:\/\/archive.sana.sy\/es\/index.php?rest_route=%2Fwp%2Fv2%2Fcategories&post=325630"},{"taxonomy":"post_tag","embeddable":true,"href":"https:\/\/archive.sana.sy\/es\/index.php?rest_route=%2Fwp%2Fv2%2Ftags&post=325630"}],"curies":[{"name":"wp","href":"https:\/\/api.w.org\/{rel}","templated":true}]}}