{"id":325637,"date":"2024-03-27T20:11:33","date_gmt":"2024-03-27T17:11:33","guid":{"rendered":"https:\/\/sana.sy\/es\/?p=325637"},"modified":"2024-03-27T20:27:57","modified_gmt":"2024-03-27T17:27:57","slug":"venezuela-anuncia-el-arresto-de-dos-sujetos-armados-a-poca-distancia-del-presidente-maduro","status":"publish","type":"post","link":"https:\/\/archive.sana.sy\/es\/?p=325637","title":{"rendered":"Venezuela anuncia el arresto de dos sujetos armados a poca distancia del presidente Maduro"},"content":{"rendered":"<p style=\"text-align: justify\"><span style=\"color: #800000\"><strong>Caracas, 27 mar (SANA)<\/strong><\/span> El Ministerio P\u00fablico de Venezuela inform\u00f3 la detenci\u00f3n de dos personas armadas que se encontraban a poca distancia del presidente Nicol\u00e1s Maduro mientras estaba en una marcha destinada a apoyar su candidatura en los comicios presidenciales.<\/p>\n<p style=\"text-align: justify\">Durante una rueda de prensa, el fiscal general, Tarek Saab, se\u00f1al\u00f3 que los dos sujetos arrestados, Jerry Ostos Perdomo Y Carlos Castillo, se ubicaban a \u201cescasos 20 metros de la tarima presidencial\u201d y actuaban de forma sospechosa.<\/p>\n<p style=\"text-align: justify\">Agreg\u00f3 que los mismos confesaron ser miembros de la organizaci\u00f3n Vente Venezuela que tiene fama en apoyar a &#8220;acciones de violencia e intentos de agredir la integridad del presidente de la Rep\u00fablica, Nicol\u00e1s Maduro.&#8221;<\/p>\n<p style=\"text-align: justify\">Destac\u00f3 que los detenidos ser\u00e1 presentados ante el Tribunal de Control por cometer varios\u00a0 delitos, entre los cuales \u201cel terrorismo, magnicidio en grado de tentativa, y el porto il\u00edcito de arma de fuego en lugares prohibidos\u201d.<\/p>\n<p>El 25 del mes en curso, el presidente Maduro inscribi\u00f3 su candidatura a las elecciones presidenciales previstas para el 28 de julio.<\/p>\n<p style=\"text-align: justify\">la<\/p>\n","protected":false},"excerpt":{"rendered":"<p>Caracas, 27 mar (SANA) El Ministerio P\u00fablico de Venezuela inform\u00f3 la detenci\u00f3n de dos personas armadas que se encontraban a poca distancia del presidente Nicol\u00e1s Maduro mientras estaba en una marcha destinada a apoyar su candidatura en los comicios presidenciales. Durante una rueda de prensa, el fiscal general, Tarek Saab, se\u00f1al\u00f3 que los dos sujetos &hellip;<\/p>\n","protected":false},"author":24,"featured_media":325638,"comment_status":"closed","ping_status":"closed","sticky":false,"template":"","format":"standard","meta":{"footnotes":""},"categories":[597,456,16687,20724,7541],"tags":[],"class_list":["post-325637","post","type-post","status-publish","format-standard","has-post-thumbnail","","category-cinta-de-noticias","category-arabe-internacional-politica","category-internacionales","category-minuto-a-minuto","category-ultimas-noticias"],"_links":{"self":[{"href":"https:\/\/archive.sana.sy\/es\/index.php?rest_route=\/wp\/v2\/posts\/325637"}],"collection":[{"href":"https:\/\/archive.sana.sy\/es\/index.php?rest_route=\/wp\/v2\/posts"}],"about":[{"href":"https:\/\/archive.sana.sy\/es\/index.php?rest_route=\/wp\/v2\/types\/post"}],"author":[{"embeddable":true,"href":"https:\/\/archive.sana.sy\/es\/index.php?rest_route=\/wp\/v2\/users\/24"}],"replies":[{"embeddable":true,"href":"https:\/\/archive.sana.sy\/es\/index.php?rest_route=%2Fwp%2Fv2%2Fcomments&post=325637"}],"version-history":[{"count":5,"href":"https:\/\/archive.sana.sy\/es\/index.php?rest_route=\/wp\/v2\/posts\/325637\/revisions"}],"predecessor-version":[{"id":325645,"href":"https:\/\/archive.sana.sy\/es\/index.php?rest_route=\/wp\/v2\/posts\/325637\/revisions\/325645"}],"wp:featuredmedia":[{"embeddable":true,"href":"https:\/\/archive.sana.sy\/es\/index.php?rest_route=\/wp\/v2\/media\/325638"}],"wp:attachment":[{"href":"https:\/\/archive.sana.sy\/es\/index.php?rest_route=%2Fwp%2Fv2%2Fmedia&parent=325637"}],"wp:term":[{"taxonomy":"category","embeddable":true,"href":"https:\/\/archive.sana.sy\/es\/index.php?rest_route=%2Fwp%2Fv2%2Fcategories&post=325637"},{"taxonomy":"post_tag","embeddable":true,"href":"https:\/\/archive.sana.sy\/es\/index.php?rest_route=%2Fwp%2Fv2%2Ftags&post=325637"}],"curies":[{"name":"wp","href":"https:\/\/api.w.org\/{rel}","templated":true}]}}