{"id":325646,"date":"2024-03-28T06:05:17","date_gmt":"2024-03-28T03:05:17","guid":{"rendered":"https:\/\/sana.sy\/es\/?p=325646"},"modified":"2024-03-28T06:05:17","modified_gmt":"2024-03-28T03:05:17","slug":"nueve-civiles-mueren-en-bombardeo-israeli-en-el-sur-del-libano","status":"publish","type":"post","link":"https:\/\/archive.sana.sy\/es\/?p=325646","title":{"rendered":"Nueve civiles mueren en bombardeo israel\u00ed en el sur del L\u00edbano"},"content":{"rendered":"<p style=\"text-align: justify;\"><span style=\"color: #800000;\"><strong>Beirut, 28 mar (SANA)\u00a0<\/strong><\/span> Nueve civiles perdieron la vida y otros resultaron heridos en bombardeos de la entidad sionista contra las localidades de Tayer Harfa y Naqoura, en el sur del L\u00edbano.<\/p>\n<p style=\"text-align: justify;\">La Agencia Nacional Libanesa de Noticias inform\u00f3 que tres civiles perecieron y otros resultaron heridos en agresi\u00f3n israel\u00ed a una parada de descanso en Naqoura, y otras seis murieron en bombardeo contra Tayer Harfa.<\/p>\n<p style=\"text-align: justify;\">La v\u00edspera, siete param\u00e9dicos murieron en ataque a\u00e9reo israel\u00ed contra un centro de emergencias m\u00e9dicas en la aldea de Al-Habariyeh, al sur del L\u00edbano.<\/p>\n<p style=\"text-align: justify;\">fm<\/p>\n","protected":false},"excerpt":{"rendered":"<p>Beirut, 28 mar (SANA)\u00a0 Nueve civiles perdieron la vida y otros resultaron heridos en bombardeos de la entidad sionista contra las localidades de Tayer Harfa y Naqoura, en el sur del L\u00edbano. La Agencia Nacional Libanesa de Noticias inform\u00f3 que tres civiles perecieron y otros resultaron heridos en agresi\u00f3n israel\u00ed a una parada de descanso &hellip;<\/p>\n","protected":false},"author":34,"featured_media":325647,"comment_status":"closed","ping_status":"closed","sticky":false,"template":"","format":"standard","meta":{"footnotes":""},"categories":[597,456,20724,7541],"tags":[],"class_list":["post-325646","post","type-post","status-publish","format-standard","has-post-thumbnail","","category-cinta-de-noticias","category-arabe-internacional-politica","category-minuto-a-minuto","category-ultimas-noticias"],"_links":{"self":[{"href":"https:\/\/archive.sana.sy\/es\/index.php?rest_route=\/wp\/v2\/posts\/325646"}],"collection":[{"href":"https:\/\/archive.sana.sy\/es\/index.php?rest_route=\/wp\/v2\/posts"}],"about":[{"href":"https:\/\/archive.sana.sy\/es\/index.php?rest_route=\/wp\/v2\/types\/post"}],"author":[{"embeddable":true,"href":"https:\/\/archive.sana.sy\/es\/index.php?rest_route=\/wp\/v2\/users\/34"}],"replies":[{"embeddable":true,"href":"https:\/\/archive.sana.sy\/es\/index.php?rest_route=%2Fwp%2Fv2%2Fcomments&post=325646"}],"version-history":[{"count":1,"href":"https:\/\/archive.sana.sy\/es\/index.php?rest_route=\/wp\/v2\/posts\/325646\/revisions"}],"predecessor-version":[{"id":325648,"href":"https:\/\/archive.sana.sy\/es\/index.php?rest_route=\/wp\/v2\/posts\/325646\/revisions\/325648"}],"wp:featuredmedia":[{"embeddable":true,"href":"https:\/\/archive.sana.sy\/es\/index.php?rest_route=\/wp\/v2\/media\/325647"}],"wp:attachment":[{"href":"https:\/\/archive.sana.sy\/es\/index.php?rest_route=%2Fwp%2Fv2%2Fmedia&parent=325646"}],"wp:term":[{"taxonomy":"category","embeddable":true,"href":"https:\/\/archive.sana.sy\/es\/index.php?rest_route=%2Fwp%2Fv2%2Fcategories&post=325646"},{"taxonomy":"post_tag","embeddable":true,"href":"https:\/\/archive.sana.sy\/es\/index.php?rest_route=%2Fwp%2Fv2%2Ftags&post=325646"}],"curies":[{"name":"wp","href":"https:\/\/api.w.org\/{rel}","templated":true}]}}