{"id":325691,"date":"2024-03-28T16:22:28","date_gmt":"2024-03-28T13:22:28","guid":{"rendered":"https:\/\/sana.sy\/es\/?p=325691"},"modified":"2024-03-28T16:22:49","modified_gmt":"2024-03-28T13:22:49","slug":"en-el-dia-174-de-su-brutal-agresion-a-gaza-israel-asesina-a-62-palestinos","status":"publish","type":"post","link":"https:\/\/archive.sana.sy\/es\/?p=325691","title":{"rendered":"En el d\u00eda 174 de su brutal agresi\u00f3n contra Gaza, \u201cIsrael\u201d asesina a 62 palestinos"},"content":{"rendered":"<p style=\"text-align: justify;\"><span style=\"color: #800000;\"><strong>Jerusal\u00e9n ocupada, 28 mar (SANA)\u00a0 <\/strong><\/span>El Ministerio de Salud palestino anunci\u00f3 hoy que durante las \u00faltimas 24 horas, la ocupaci\u00f3n israel\u00ed cometi\u00f3 6 masacres contra familias en la asolada Franja de Gaza, dejando 62 muertos y 91 heridos.<\/p>\n<p style=\"text-align: justify;\">La entidad explic\u00f3 en un comunicado que el ej\u00e9rcito sionista contin\u00faa, por el 174 d\u00eda, su agresi\u00f3n contra varias zonas de Gaza en diversas formas, incluidas ejecuciones sobre el terreno, masacres, genocidio y aniquilaci\u00f3n de barrios residenciales.<\/p>\n<p style=\"text-align: justify;\">El Ministerio detall\u00f3 que el n\u00famero de v\u00edctimas de la brutal agresi\u00f3n israel\u00ed en curso desde el 7 de octubre pasado aument\u00f3 a 32.552 muertos y 74.980 heridos.<\/p>\n<p style=\"text-align: justify;\">Asimismo, se\u00f1al\u00f3 que miles de personas siguen desaparecidas bajo los escombros y en las carreteras, y el ocupante impide la llegada de las ambulancias y los equipos de defensa civil hasta las v\u00edctimas.<\/p>\n<p style=\"text-align: justify;\">sm<\/p>\n","protected":false},"excerpt":{"rendered":"<p>Jerusal\u00e9n ocupada, 28 mar (SANA)\u00a0 El Ministerio de Salud palestino anunci\u00f3 hoy que durante las \u00faltimas 24 horas, la ocupaci\u00f3n israel\u00ed cometi\u00f3 6 masacres contra familias en la asolada Franja de Gaza, dejando 62 muertos y 91 heridos. La entidad explic\u00f3 en un comunicado que el ej\u00e9rcito sionista contin\u00faa, por el 174 d\u00eda, su agresi\u00f3n &hellip;<\/p>\n","protected":false},"author":39,"featured_media":325692,"comment_status":"closed","ping_status":"closed","sticky":false,"template":"","format":"standard","meta":{"footnotes":""},"categories":[597,456,16687,20724,583],"tags":[],"class_list":["post-325691","post","type-post","status-publish","format-standard","has-post-thumbnail","","category-cinta-de-noticias","category-arabe-internacional-politica","category-internacionales","category-minuto-a-minuto","category-slide"],"_links":{"self":[{"href":"https:\/\/archive.sana.sy\/es\/index.php?rest_route=\/wp\/v2\/posts\/325691"}],"collection":[{"href":"https:\/\/archive.sana.sy\/es\/index.php?rest_route=\/wp\/v2\/posts"}],"about":[{"href":"https:\/\/archive.sana.sy\/es\/index.php?rest_route=\/wp\/v2\/types\/post"}],"author":[{"embeddable":true,"href":"https:\/\/archive.sana.sy\/es\/index.php?rest_route=\/wp\/v2\/users\/39"}],"replies":[{"embeddable":true,"href":"https:\/\/archive.sana.sy\/es\/index.php?rest_route=%2Fwp%2Fv2%2Fcomments&post=325691"}],"version-history":[{"count":2,"href":"https:\/\/archive.sana.sy\/es\/index.php?rest_route=\/wp\/v2\/posts\/325691\/revisions"}],"predecessor-version":[{"id":325694,"href":"https:\/\/archive.sana.sy\/es\/index.php?rest_route=\/wp\/v2\/posts\/325691\/revisions\/325694"}],"wp:featuredmedia":[{"embeddable":true,"href":"https:\/\/archive.sana.sy\/es\/index.php?rest_route=\/wp\/v2\/media\/325692"}],"wp:attachment":[{"href":"https:\/\/archive.sana.sy\/es\/index.php?rest_route=%2Fwp%2Fv2%2Fmedia&parent=325691"}],"wp:term":[{"taxonomy":"category","embeddable":true,"href":"https:\/\/archive.sana.sy\/es\/index.php?rest_route=%2Fwp%2Fv2%2Fcategories&post=325691"},{"taxonomy":"post_tag","embeddable":true,"href":"https:\/\/archive.sana.sy\/es\/index.php?rest_route=%2Fwp%2Fv2%2Ftags&post=325691"}],"curies":[{"name":"wp","href":"https:\/\/api.w.org\/{rel}","templated":true}]}}