{"id":325727,"date":"2024-03-29T14:37:04","date_gmt":"2024-03-29T11:37:04","guid":{"rendered":"https:\/\/sana.sy\/es\/?p=325727"},"modified":"2024-03-29T14:38:58","modified_gmt":"2024-03-29T11:38:58","slug":"cientos-de-muertos-y-heridos-palestinos-en-el-dia-175-de-la-brutal-agresion-israeli-contra-gaza","status":"publish","type":"post","link":"https:\/\/archive.sana.sy\/es\/?p=325727","title":{"rendered":"Cientos de muertos y heridos palestinos en el d\u00eda 175 de la brutal agresi\u00f3n israel\u00ed contra Gaza"},"content":{"rendered":"<p style=\"text-align: justify;\"><strong><span style=\"color: #800000;\">Jerusal\u00e9n ocupada, 29 mar (SANA)<\/span> <\/strong>Decenas de palestinos fueron asesinados esta ma\u00f1ana como resultado de la continua agresi\u00f3n israel\u00ed contra la asolada Franja de Gaza.<\/p>\n<p style=\"text-align: justify;\">La Agencia Palestina de noticias Wafa inform\u00f3 que cazas israel\u00edes bombardearon una casa en Khan Yunis, al sur de la Franja de Gaza, causando la muerte de 12 palestinos y lesiones a decenas, mientras que una mujer palestina perdi\u00f3 la vida y otros resultaron heridos debido a bombardeos sionistas a una mezquita en Jabalia, al norte de la Franja de Gaza.<\/p>\n<p style=\"text-align: justify;\">Adem\u00e1s, aviones de combate israel\u00edes atacaron edificios residenciales en el barrio de Al-Nasr, al oeste de la ciudad de Gaza, y en el barrio de Tal Al-Hawa, al sur de la misma, lo que provoc\u00f3 la muerte y la lesi\u00f3n de varias personas, asimismo, las tropas israel\u00edes bombardearon viviendas en el barrio Al-Shujaiya, al este de la ciudad, causando la muerte de 7 personas.<\/p>\n<p style=\"text-align: justify;\">El Ministerio palestino de Salud anunci\u00f3 hoy en un comunicado que el ocupante israel\u00ed cometi\u00f3 7 masacres en la Franja de Gaza durante las \u00faltimas horas, dejando muertas a 71 personas y heridas a otras 112.<\/p>\n<p style=\"text-align: justify;\">La referida entidad explic\u00f3 que el n\u00famero de v\u00edctimas de la agresi\u00f3n israel\u00ed en curso, desde el 7 de octubre, aumenta a 32.623 muertos y 75.092 heridos, la mayor\u00eda de los cuales son mujeres y ni\u00f1os, adem\u00e1s de miles de v\u00edctimas que a\u00fan se encuentran bajo los escombros y en las carreteras, y los equipos de ambulancias y de defensa civil no pueden llegar hasta ellos.<\/p>\n<p>sm<\/p>\n","protected":false},"excerpt":{"rendered":"<p>Jerusal\u00e9n ocupada, 29 mar (SANA) Decenas de palestinos fueron asesinados esta ma\u00f1ana como resultado de la continua agresi\u00f3n israel\u00ed contra la asolada Franja de Gaza. La Agencia Palestina de noticias Wafa inform\u00f3 que cazas israel\u00edes bombardearon una casa en Khan Yunis, al sur de la Franja de Gaza, causando la muerte de 12 palestinos y &hellip;<\/p>\n","protected":false},"author":39,"featured_media":325730,"comment_status":"closed","ping_status":"closed","sticky":false,"template":"","format":"standard","meta":{"footnotes":""},"categories":[597,456,16687,20724,583],"tags":[],"class_list":["post-325727","post","type-post","status-publish","format-standard","has-post-thumbnail","","category-cinta-de-noticias","category-arabe-internacional-politica","category-internacionales","category-minuto-a-minuto","category-slide"],"_links":{"self":[{"href":"https:\/\/archive.sana.sy\/es\/index.php?rest_route=\/wp\/v2\/posts\/325727"}],"collection":[{"href":"https:\/\/archive.sana.sy\/es\/index.php?rest_route=\/wp\/v2\/posts"}],"about":[{"href":"https:\/\/archive.sana.sy\/es\/index.php?rest_route=\/wp\/v2\/types\/post"}],"author":[{"embeddable":true,"href":"https:\/\/archive.sana.sy\/es\/index.php?rest_route=\/wp\/v2\/users\/39"}],"replies":[{"embeddable":true,"href":"https:\/\/archive.sana.sy\/es\/index.php?rest_route=%2Fwp%2Fv2%2Fcomments&post=325727"}],"version-history":[{"count":1,"href":"https:\/\/archive.sana.sy\/es\/index.php?rest_route=\/wp\/v2\/posts\/325727\/revisions"}],"predecessor-version":[{"id":325729,"href":"https:\/\/archive.sana.sy\/es\/index.php?rest_route=\/wp\/v2\/posts\/325727\/revisions\/325729"}],"wp:featuredmedia":[{"embeddable":true,"href":"https:\/\/archive.sana.sy\/es\/index.php?rest_route=\/wp\/v2\/media\/325730"}],"wp:attachment":[{"href":"https:\/\/archive.sana.sy\/es\/index.php?rest_route=%2Fwp%2Fv2%2Fmedia&parent=325727"}],"wp:term":[{"taxonomy":"category","embeddable":true,"href":"https:\/\/archive.sana.sy\/es\/index.php?rest_route=%2Fwp%2Fv2%2Fcategories&post=325727"},{"taxonomy":"post_tag","embeddable":true,"href":"https:\/\/archive.sana.sy\/es\/index.php?rest_route=%2Fwp%2Fv2%2Ftags&post=325727"}],"curies":[{"name":"wp","href":"https:\/\/api.w.org\/{rel}","templated":true}]}}