{"id":32579,"date":"2015-10-31T16:17:34","date_gmt":"2015-10-31T14:17:34","guid":{"rendered":"http:\/\/sana.sy\/es\/?p=32579"},"modified":"2015-10-31T16:23:39","modified_gmt":"2015-10-31T14:23:39","slug":"zarif-dice-que-iran-tuvo-exito-en-rectificar-algunas-pautas-de-la-declaracion-final-de-viena","status":"publish","type":"post","link":"https:\/\/archive.sana.sy\/es\/?p=32579","title":{"rendered":"Zarif dice que Ir\u00e1n tuvo \u00e9xito en rectificar algunas pautas de la declaraci\u00f3n final de Viena"},"content":{"rendered":"<p><span style=\"color: #800000\">Teher\u00e1n, SANA<\/span><\/p>\n<p>El canciller iran\u00ed, Mohamad Yawad Zarif tach\u00f3 la declaraci\u00f3n emitida por la reuni\u00f3n internacional sobre Siria celebrada ayer en Viena de \u201crelativamente moderada\u201d, puesto que no abarca ninguna orientaci\u00f3n extremista y aboga por la autodeterminaci\u00f3n del pueblo sirio.<\/p>\n<p>En declaraciones concedidas a la prensa despu\u00e9s de su regreso hoy el s\u00e1bado a Teher\u00e1n, el jefe de la diplomacia iran\u00ed se\u00f1al\u00f3 que Ir\u00e1n tuvo \u00e9xito en rectificar algunas pautas de la declaraci\u00f3n final de la reuni\u00f3n de Viena, de forma que ratifiquen la necesidad de hacer frente al terrorismo, y el derecho del pueblo sirio a la autodeterminaci\u00f3n.<\/p>\n<p>Asimismo agreg\u00f3 que los protagonistas de esta reuni\u00f3n sobre Siria siguen manteniendo discrepancia sobre algunos puntos.<\/p>\n<p>\u201cLas conversaciones en el encuentro fueron muy sinceras, pues algunas partes trataron de debatir el asunto del presidente Bashar al-Assad\u201d, dijo Zarif \u201csin embargo, les dijimos que este asunto le corresponde solamente al pueblo sirio y no ten\u00edamos tomar partido en el mismo\u201d, aclar\u00f3.<\/p>\n<p><span style=\"color: #0000ff\">Desmienten supuestas negociaciones directas en Teher\u00e1n y Washington sobre Siria<\/span><\/p>\n<p>En otro contexto, el jefe de la Comisi\u00f3n de Defensa en el Parlamento iran\u00ed (Mayles), diputado Ismail Kawthari desminti\u00f3 rotundamente noticias difundidas por algunos medios de comunicaci\u00f3n, las cuales alegan que Ir\u00e1n entr\u00f3 en negociaciones directas con EEEUU sobre Siria.<\/p>\n<p>Kawzari confirm\u00f3 que las negociaciones establecidas entre su pa\u00eds y Washington giran en torno del expediente nuclear solamente.<\/p>\n<p>&nbsp;<br \/>\nLynn A.<\/p>\n","protected":false},"excerpt":{"rendered":"<p>Teher\u00e1n, SANA El canciller iran\u00ed, Mohamad Yawad Zarif tach\u00f3 la declaraci\u00f3n emitida por la reuni\u00f3n internacional sobre Siria celebrada ayer en Viena de \u201crelativamente moderada\u201d, puesto que no abarca ninguna orientaci\u00f3n extremista y aboga por la autodeterminaci\u00f3n del pueblo sirio. En declaraciones concedidas a la prensa despu\u00e9s de su regreso hoy el s\u00e1bado a Teher\u00e1n, &hellip;<\/p>\n","protected":false},"author":24,"featured_media":18766,"comment_status":"closed","ping_status":"closed","sticky":false,"template":"","format":"standard","meta":{"footnotes":""},"categories":[597,456,457,576],"tags":[],"class_list":["post-32579","post","type-post","status-publish","format-standard","has-post-thumbnail","","category-cinta-de-noticias","category-arabe-internacional-politica","category-noticias-arabe-internacional-politica","category-noticias-politicas"],"_links":{"self":[{"href":"https:\/\/archive.sana.sy\/es\/index.php?rest_route=\/wp\/v2\/posts\/32579"}],"collection":[{"href":"https:\/\/archive.sana.sy\/es\/index.php?rest_route=\/wp\/v2\/posts"}],"about":[{"href":"https:\/\/archive.sana.sy\/es\/index.php?rest_route=\/wp\/v2\/types\/post"}],"author":[{"embeddable":true,"href":"https:\/\/archive.sana.sy\/es\/index.php?rest_route=\/wp\/v2\/users\/24"}],"replies":[{"embeddable":true,"href":"https:\/\/archive.sana.sy\/es\/index.php?rest_route=%2Fwp%2Fv2%2Fcomments&post=32579"}],"version-history":[{"count":0,"href":"https:\/\/archive.sana.sy\/es\/index.php?rest_route=\/wp\/v2\/posts\/32579\/revisions"}],"wp:featuredmedia":[{"embeddable":true,"href":"https:\/\/archive.sana.sy\/es\/index.php?rest_route=\/wp\/v2\/media\/18766"}],"wp:attachment":[{"href":"https:\/\/archive.sana.sy\/es\/index.php?rest_route=%2Fwp%2Fv2%2Fmedia&parent=32579"}],"wp:term":[{"taxonomy":"category","embeddable":true,"href":"https:\/\/archive.sana.sy\/es\/index.php?rest_route=%2Fwp%2Fv2%2Fcategories&post=32579"},{"taxonomy":"post_tag","embeddable":true,"href":"https:\/\/archive.sana.sy\/es\/index.php?rest_route=%2Fwp%2Fv2%2Ftags&post=32579"}],"curies":[{"name":"wp","href":"https:\/\/api.w.org\/{rel}","templated":true}]}}