{"id":325800,"date":"2024-03-30T15:49:38","date_gmt":"2024-03-30T12:49:38","guid":{"rendered":"https:\/\/sana.sy\/es\/?p=325800"},"modified":"2024-03-30T15:50:46","modified_gmt":"2024-03-30T12:50:46","slug":"la-guerra-genocida-israeli-cobro-la-vida-de-32-mil-705-palestinos-en-gaza","status":"publish","type":"post","link":"https:\/\/archive.sana.sy\/es\/?p=325800","title":{"rendered":"La guerra genocida israel\u00ed cobr\u00f3 la vida de 32 mil 705 palestinos en Gaza"},"content":{"rendered":"<p style=\"text-align: justify;\"><span style=\"color: #800000;\"><strong>Jerusal\u00e9n ocupada, 30 mar (SANA)<\/strong><\/span> Durante las \u00faltimas 24 horas, las tropas sionistas cometieron ocho masacres en la Franja de Gaza.<\/p>\n<p style=\"text-align: justify;\">De acuerdo con un comunicado del Ministerio de Salud palestino, 82 palestinos murieron y otros 98 resultaron heridos durante el \u00faltimo d\u00eda.<\/p>\n<p style=\"text-align: justify;\">\u201cLa cifra de v\u00edctimas de la actual agresi\u00f3n israel\u00ed contra Gaza aument\u00f3 a 32.705 muertos y 75.190 heridos\u201d, anunci\u00f3 el ente de salud.<\/p>\n<p style=\"text-align: justify;\">Durante el d\u00eda 176 de esta guerra genocida, las fuerzas sionistas bombardearon concentraciones de personas desplazadas, matando e hiriendo a decenas.<\/p>\n<p style=\"text-align: justify;\">Los medios de prensa informaron que 13 palestinos murieron en bombardeos a\u00e9reos contra una casa, en Al-Qarara, al este de Khan Yunis, en el sur de la Franja de Gaza.<\/p>\n<p style=\"text-align: justify;\">Asimismo, 16 personas, entre ellos 5 ni\u00f1os, perecieron en ataque de un avi\u00f3n israel\u00ed contra una vivienda en la localidad de Al-Nasr, en la ciudad de Rafah, al sur de Gaza.<\/p>\n<p style=\"text-align: justify;\">Mientras tanto, al menos 8 personas que esperaban la ayuda en la calle Saladino al sur de Gaza, resultaron heridas debido a un bombardeo.<\/p>\n<p style=\"text-align: justify;\">Por otro lado, la aviaci\u00f3n bombarde\u00f3 una casa en el campamento de Maghazi, en el centro de la Franja de Gaza, matando e hiriendo a decenas y da\u00f1ando un gran n\u00famero de viviendas cercanas.<\/p>\n<p style=\"text-align: justify;\">fm\/ed<\/p>\n","protected":false},"excerpt":{"rendered":"<p>Jerusal\u00e9n ocupada, 30 mar (SANA) Durante las \u00faltimas 24 horas, las tropas sionistas cometieron ocho masacres en la Franja de Gaza. De acuerdo con un comunicado del Ministerio de Salud palestino, 82 palestinos murieron y otros 98 resultaron heridos durante el \u00faltimo d\u00eda. \u201cLa cifra de v\u00edctimas de la actual agresi\u00f3n israel\u00ed contra Gaza aument\u00f3 &hellip;<\/p>\n","protected":false},"author":32,"featured_media":325803,"comment_status":"closed","ping_status":"closed","sticky":false,"template":"","format":"standard","meta":{"footnotes":""},"categories":[597,456,20724,583],"tags":[],"class_list":["post-325800","post","type-post","status-publish","format-standard","has-post-thumbnail","","category-cinta-de-noticias","category-arabe-internacional-politica","category-minuto-a-minuto","category-slide"],"_links":{"self":[{"href":"https:\/\/archive.sana.sy\/es\/index.php?rest_route=\/wp\/v2\/posts\/325800"}],"collection":[{"href":"https:\/\/archive.sana.sy\/es\/index.php?rest_route=\/wp\/v2\/posts"}],"about":[{"href":"https:\/\/archive.sana.sy\/es\/index.php?rest_route=\/wp\/v2\/types\/post"}],"author":[{"embeddable":true,"href":"https:\/\/archive.sana.sy\/es\/index.php?rest_route=\/wp\/v2\/users\/32"}],"replies":[{"embeddable":true,"href":"https:\/\/archive.sana.sy\/es\/index.php?rest_route=%2Fwp%2Fv2%2Fcomments&post=325800"}],"version-history":[{"count":1,"href":"https:\/\/archive.sana.sy\/es\/index.php?rest_route=\/wp\/v2\/posts\/325800\/revisions"}],"predecessor-version":[{"id":325802,"href":"https:\/\/archive.sana.sy\/es\/index.php?rest_route=\/wp\/v2\/posts\/325800\/revisions\/325802"}],"wp:featuredmedia":[{"embeddable":true,"href":"https:\/\/archive.sana.sy\/es\/index.php?rest_route=\/wp\/v2\/media\/325803"}],"wp:attachment":[{"href":"https:\/\/archive.sana.sy\/es\/index.php?rest_route=%2Fwp%2Fv2%2Fmedia&parent=325800"}],"wp:term":[{"taxonomy":"category","embeddable":true,"href":"https:\/\/archive.sana.sy\/es\/index.php?rest_route=%2Fwp%2Fv2%2Fcategories&post=325800"},{"taxonomy":"post_tag","embeddable":true,"href":"https:\/\/archive.sana.sy\/es\/index.php?rest_route=%2Fwp%2Fv2%2Ftags&post=325800"}],"curies":[{"name":"wp","href":"https:\/\/api.w.org\/{rel}","templated":true}]}}