{"id":325804,"date":"2024-03-30T16:00:43","date_gmt":"2024-03-30T13:00:43","guid":{"rendered":"https:\/\/sana.sy\/es\/?p=325804"},"modified":"2024-03-30T16:00:43","modified_gmt":"2024-03-30T13:00:43","slug":"el-dia-de-la-tierra-palestina","status":"publish","type":"post","link":"https:\/\/archive.sana.sy\/es\/?p=325804","title":{"rendered":"El D\u00eda de la Tierra Palestina"},"content":{"rendered":"<p style=\"text-align: justify;\"><span style=\"color: #800000;\"><strong>Damasco, 30 mar (SANA)\u00a0<\/strong><\/span> \u00a0 \u00a0Los palestinos celebran el 30 de marzo de cada a\u00f1o el \u201cD\u00eda de la Tierra Palestina\u201d.<\/p>\n<p style=\"text-align: justify;\">Esta fecha se remonta al a\u00f1o 1976 despu\u00e9s de que las fuerzas israel\u00edes confiscaran miles de hect\u00e1reas de tierras de propiedad privada o comunales, en la regi\u00f3n de Galilea, en el norte de Palestina.<\/p>\n<p style=\"text-align: justify;\">Tras esta medida criminal israel\u00ed, se llevaron a cabo una huelga general, y las marchas y protestas llegaron de Galilea hasta Negev, y estallaron enfrentamientos en los que seis palestinos murieron y cientos resultaron heridos o arrestados.<\/p>\n<p style=\"text-align: justify;\">El D\u00eda de la Tierra se considera un evento fundamental en el conflicto por la tierra y en la relaci\u00f3n de los palestinos con su tierra y su patria.<\/p>\n<p style=\"text-align: justify;\">fm\/ed<\/p>\n","protected":false},"excerpt":{"rendered":"<p>Damasco, 30 mar (SANA)\u00a0 \u00a0 \u00a0Los palestinos celebran el 30 de marzo de cada a\u00f1o el \u201cD\u00eda de la Tierra Palestina\u201d. Esta fecha se remonta al a\u00f1o 1976 despu\u00e9s de que las fuerzas israel\u00edes confiscaran miles de hect\u00e1reas de tierras de propiedad privada o comunales, en la regi\u00f3n de Galilea, en el norte de Palestina. &hellip;<\/p>\n","protected":false},"author":32,"featured_media":325805,"comment_status":"closed","ping_status":"closed","sticky":false,"template":"","format":"standard","meta":{"footnotes":""},"categories":[597,20724,476,583],"tags":[],"class_list":["post-325804","post","type-post","status-publish","format-standard","has-post-thumbnail","","category-cinta-de-noticias","category-minuto-a-minuto","category-locales","category-slide"],"_links":{"self":[{"href":"https:\/\/archive.sana.sy\/es\/index.php?rest_route=\/wp\/v2\/posts\/325804"}],"collection":[{"href":"https:\/\/archive.sana.sy\/es\/index.php?rest_route=\/wp\/v2\/posts"}],"about":[{"href":"https:\/\/archive.sana.sy\/es\/index.php?rest_route=\/wp\/v2\/types\/post"}],"author":[{"embeddable":true,"href":"https:\/\/archive.sana.sy\/es\/index.php?rest_route=\/wp\/v2\/users\/32"}],"replies":[{"embeddable":true,"href":"https:\/\/archive.sana.sy\/es\/index.php?rest_route=%2Fwp%2Fv2%2Fcomments&post=325804"}],"version-history":[{"count":1,"href":"https:\/\/archive.sana.sy\/es\/index.php?rest_route=\/wp\/v2\/posts\/325804\/revisions"}],"predecessor-version":[{"id":325806,"href":"https:\/\/archive.sana.sy\/es\/index.php?rest_route=\/wp\/v2\/posts\/325804\/revisions\/325806"}],"wp:featuredmedia":[{"embeddable":true,"href":"https:\/\/archive.sana.sy\/es\/index.php?rest_route=\/wp\/v2\/media\/325805"}],"wp:attachment":[{"href":"https:\/\/archive.sana.sy\/es\/index.php?rest_route=%2Fwp%2Fv2%2Fmedia&parent=325804"}],"wp:term":[{"taxonomy":"category","embeddable":true,"href":"https:\/\/archive.sana.sy\/es\/index.php?rest_route=%2Fwp%2Fv2%2Fcategories&post=325804"},{"taxonomy":"post_tag","embeddable":true,"href":"https:\/\/archive.sana.sy\/es\/index.php?rest_route=%2Fwp%2Fv2%2Ftags&post=325804"}],"curies":[{"name":"wp","href":"https:\/\/api.w.org\/{rel}","templated":true}]}}