{"id":325836,"date":"2024-03-31T12:01:58","date_gmt":"2024-03-31T09:01:58","guid":{"rendered":"https:\/\/sana.sy\/es\/?p=325836"},"modified":"2024-03-31T12:01:58","modified_gmt":"2024-03-31T09:01:58","slug":"miles-se-manifiestan-en-londres-para-exigir-inmediato-cese-al-fuego-en-gaza","status":"publish","type":"post","link":"https:\/\/archive.sana.sy\/es\/?p=325836","title":{"rendered":"Miles se manifiestan en Londres para exigir inmediato cese al fuego en Gaza"},"content":{"rendered":"<p style=\"text-align: justify;\"><span style=\"color: #800000;\"><strong>Londres, 31 mar (SANA)\u00a0<\/strong><\/span> Miles de personas participaron el s\u00e1bado en una masiva manifestaci\u00f3n en Londres en la que reclamaron un alto al fuego inmediato en la Franja de Gaza, donde alrededor de 33 mil palestinos han muerto por las agresiones israel\u00edes que se cometen desde el pasado 7 de octubre.<\/p>\n<p style=\"text-align: justify;\">Este marcha oconvocada\u00a0por la Campa\u00f1a de Solidaridad Palestina es la und\u00e9cima protesta de este tipo en la capital brit\u00e1nica desde el inicio de la agresi\u00f3n israel\u00ed contra el enclave costero.<\/p>\n<p style=\"text-align: justify;\">Los manifestantes se reunieron en la plaza Russell Square, en el centro de Londres, y luego realizaron una marcha hacia Trafalgar Square.<\/p>\n<p style=\"text-align: justify;\">El director de la Campa\u00f1a y uno de los organizadores de la manifestaci\u00f3n, Ben Jamal, inst\u00f3 a un alto el fuego inmediato y a la implementaci\u00f3n de lo dictaminado por el m\u00e1ximo \u00f3rgano judicial del mundo, la Corte Internacional de Justicia.<\/p>\n<p style=\"text-align: justify;\">El gobierno brit\u00e1nico dio luz verde a las pr\u00e1cticas agresivas\u00a0 de las autoridades israel\u00edes mediante su apoyo militar y\u00a0 las continuas exportaciones de armamentos, denunci\u00f3 Ben Jamal.<\/p>\n<p style=\"text-align: justify;\">Asever\u00f3 que las manifestaciones contra el genocidio del pueblo palestino no cesar\u00e1n hasta que haya un cambio fundamental en la pol\u00edtica del gobierno brit\u00e1nico.<\/p>\n<p style=\"text-align: justify;\"><strong>ws\/fm<\/strong><\/p>\n","protected":false},"excerpt":{"rendered":"<p>Londres, 31 mar (SANA)\u00a0 Miles de personas participaron el s\u00e1bado en una masiva manifestaci\u00f3n en Londres en la que reclamaron un alto al fuego inmediato en la Franja de Gaza, donde alrededor de 33 mil palestinos han muerto por las agresiones israel\u00edes que se cometen desde el pasado 7 de octubre. Este marcha oconvocada\u00a0por la &hellip;<\/p>\n","protected":false},"author":35,"featured_media":325837,"comment_status":"closed","ping_status":"closed","sticky":false,"template":"","format":"standard","meta":{"footnotes":""},"categories":[597,456,16687,20724,7541],"tags":[],"class_list":["post-325836","post","type-post","status-publish","format-standard","has-post-thumbnail","","category-cinta-de-noticias","category-arabe-internacional-politica","category-internacionales","category-minuto-a-minuto","category-ultimas-noticias"],"_links":{"self":[{"href":"https:\/\/archive.sana.sy\/es\/index.php?rest_route=\/wp\/v2\/posts\/325836"}],"collection":[{"href":"https:\/\/archive.sana.sy\/es\/index.php?rest_route=\/wp\/v2\/posts"}],"about":[{"href":"https:\/\/archive.sana.sy\/es\/index.php?rest_route=\/wp\/v2\/types\/post"}],"author":[{"embeddable":true,"href":"https:\/\/archive.sana.sy\/es\/index.php?rest_route=\/wp\/v2\/users\/35"}],"replies":[{"embeddable":true,"href":"https:\/\/archive.sana.sy\/es\/index.php?rest_route=%2Fwp%2Fv2%2Fcomments&post=325836"}],"version-history":[{"count":1,"href":"https:\/\/archive.sana.sy\/es\/index.php?rest_route=\/wp\/v2\/posts\/325836\/revisions"}],"predecessor-version":[{"id":325838,"href":"https:\/\/archive.sana.sy\/es\/index.php?rest_route=\/wp\/v2\/posts\/325836\/revisions\/325838"}],"wp:featuredmedia":[{"embeddable":true,"href":"https:\/\/archive.sana.sy\/es\/index.php?rest_route=\/wp\/v2\/media\/325837"}],"wp:attachment":[{"href":"https:\/\/archive.sana.sy\/es\/index.php?rest_route=%2Fwp%2Fv2%2Fmedia&parent=325836"}],"wp:term":[{"taxonomy":"category","embeddable":true,"href":"https:\/\/archive.sana.sy\/es\/index.php?rest_route=%2Fwp%2Fv2%2Fcategories&post=325836"},{"taxonomy":"post_tag","embeddable":true,"href":"https:\/\/archive.sana.sy\/es\/index.php?rest_route=%2Fwp%2Fv2%2Ftags&post=325836"}],"curies":[{"name":"wp","href":"https:\/\/api.w.org\/{rel}","templated":true}]}}