{"id":32584,"date":"2015-10-31T15:26:51","date_gmt":"2015-10-31T13:26:51","guid":{"rendered":"http:\/\/sana.sy\/es\/?p=32584"},"modified":"2023-01-09T14:09:41","modified_gmt":"2023-01-09T12:09:41","slug":"un-martir-y-un-herido-tras-ataque-terrorista-con-mortero-contra-damasco","status":"publish","type":"post","link":"https:\/\/archive.sana.sy\/es\/?p=32584","title":{"rendered":"Muere una mujer tras ataque terrorista con mortero contra Damasco"},"content":{"rendered":"<p><span style=\"color: #800000\">Damasco, SANA<\/span><\/p>\n<p>Una mujer perdi\u00f3 la vida y otra result\u00f3 herida tras un ataque terrorista con mortero contra la capital Damasco.<\/p>\n<p>Una fuente policial precis\u00f3 que terroristas del llamado \u201cEj\u00e9rcito del Islam\u201d dispararon este s\u00e1bado un ob\u00fas de mortero contra el barrio de al-Qussour, causando la muerte de una joven y dejando herida a otra mujer.<\/p>\n<p>Cabe destacar que organizaciones terroristas desplegadas en Ghouta Este, entre ellas los autodenominados \u201cEj\u00e9rcito del Islam\u201d y \u201cFailak al-Rahman\u201d atacaron ayer el viernes a Damasco y su suburbio con 20 obuses de mortero, dejando un m\u00e1rtir y 12 heridos, adem\u00e1s de da\u00f1os materiales.<\/p>\n<p>&nbsp;<\/p>\n<p>&nbsp;<\/p>\n<p>Lynn A.<\/p>\n","protected":false},"excerpt":{"rendered":"<p>Damasco, SANA Una mujer perdi\u00f3 la vida y otra result\u00f3 herida tras un ataque terrorista con mortero contra la capital Damasco. Una fuente policial precis\u00f3 que terroristas del llamado \u201cEj\u00e9rcito del Islam\u201d dispararon este s\u00e1bado un ob\u00fas de mortero contra el barrio de al-Qussour, causando la muerte de una joven y dejando herida a otra &hellip;<\/p>\n","protected":false},"author":24,"featured_media":29094,"comment_status":"closed","ping_status":"closed","sticky":false,"template":"","format":"standard","meta":{"footnotes":""},"categories":[477,597,573,476],"tags":[],"class_list":["post-32584","post","type-post","status-publish","format-standard","has-post-thumbnail","","category-noticias-edulcorantes","category-cinta-de-noticias","category-la-realidad-de-los-acontecimientos-en-siria","category-locales"],"_links":{"self":[{"href":"https:\/\/archive.sana.sy\/es\/index.php?rest_route=\/wp\/v2\/posts\/32584"}],"collection":[{"href":"https:\/\/archive.sana.sy\/es\/index.php?rest_route=\/wp\/v2\/posts"}],"about":[{"href":"https:\/\/archive.sana.sy\/es\/index.php?rest_route=\/wp\/v2\/types\/post"}],"author":[{"embeddable":true,"href":"https:\/\/archive.sana.sy\/es\/index.php?rest_route=\/wp\/v2\/users\/24"}],"replies":[{"embeddable":true,"href":"https:\/\/archive.sana.sy\/es\/index.php?rest_route=%2Fwp%2Fv2%2Fcomments&post=32584"}],"version-history":[{"count":0,"href":"https:\/\/archive.sana.sy\/es\/index.php?rest_route=\/wp\/v2\/posts\/32584\/revisions"}],"wp:featuredmedia":[{"embeddable":true,"href":"https:\/\/archive.sana.sy\/es\/index.php?rest_route=\/wp\/v2\/media\/29094"}],"wp:attachment":[{"href":"https:\/\/archive.sana.sy\/es\/index.php?rest_route=%2Fwp%2Fv2%2Fmedia&parent=32584"}],"wp:term":[{"taxonomy":"category","embeddable":true,"href":"https:\/\/archive.sana.sy\/es\/index.php?rest_route=%2Fwp%2Fv2%2Fcategories&post=32584"},{"taxonomy":"post_tag","embeddable":true,"href":"https:\/\/archive.sana.sy\/es\/index.php?rest_route=%2Fwp%2Fv2%2Ftags&post=32584"}],"curies":[{"name":"wp","href":"https:\/\/api.w.org\/{rel}","templated":true}]}}