{"id":32586,"date":"2015-10-31T16:11:37","date_gmt":"2015-10-31T14:11:37","guid":{"rendered":"http:\/\/sana.sy\/es\/?p=32586"},"modified":"2015-10-31T16:11:37","modified_gmt":"2015-10-31T14:11:37","slug":"ki-moon-y-el-canciller-austriaco-reiteran-necesidad-de-respetar-autodeterminacion-del-pueblo-sirio","status":"publish","type":"post","link":"https:\/\/archive.sana.sy\/es\/?p=32586","title":{"rendered":"Ki Moon y el Canciller austriaco reiteran necesidad de respetar autodeterminaci\u00f3n del pueblo sirio"},"content":{"rendered":"<p><span style=\"color: #800000\">Nueva York-Viena, SANA<\/span><\/p>\n<p>El secretario general de la ONU, Ban Ki Moon asever\u00f3\u00a0que le corresponde solamente al pueblo sirio decidir sobre el futuro de su pa\u00eds y su presidente.<\/p>\n<p>En una entrevista al diario espa\u00f1ol \u201cEl Mundo\u201d, Ki Moon dijo: \u201cel futuro del presidente Asad debe ser una cuesti\u00f3n decidida por el pueblo sirio. Es totalmente injusto y nada razonable que el destino de una persona est\u00e9 secuestrando todo el proceso de negociaci\u00f3n pol\u00edtica. Eso no es aceptable\u201d.<\/p>\n<p>Asimismo reiter\u00f3 su respaldo a la postura de Rusia que dice que las elecciones son las que determinar\u00e1n el futuro del mandatario sirio, tachando de \u201cuna postura irresponsable\u201d, los intentos de Occidente de reclamar el aislamiento del presidente al-Assad del proceso de transici\u00f3n.<\/p>\n<p>El alto funcionario de la ONU expres\u00f3 su esperanza en que la reuni\u00f3n internacional sobre Siria celebrada ayer en Viena trajera resultados positivos para poder empezar con un proceso pol\u00edtico inmediatamente.<\/p>\n<p><img loading=\"lazy\" decoding=\"async\" class=\"aligncenter size-medium wp-image-32588\" src=\"http:\/\/sana.sy\/es\/wp-content\/uploads\/2015\/10\/canciller-asutriaco-300x150.jpg\" alt=\"canciller asutriaco\" width=\"300\" height=\"150\" srcset=\"https:\/\/archive.sana.sy\/es\/wp-content\/uploads\/2015\/10\/canciller-asutriaco-300x150.jpg 300w, https:\/\/archive.sana.sy\/es\/wp-content\/uploads\/2015\/10\/canciller-asutriaco-150x75.jpg 150w, https:\/\/archive.sana.sy\/es\/wp-content\/uploads\/2015\/10\/canciller-asutriaco.jpg 610w\" sizes=\"(max-width: 300px) 100vw, 300px\" \/><\/p>\n<p>Por otro lado, el ministro de Asuntos Exteriores de Austria, Sebastian Kruz, critic\u00f3 en una entrevista a la Televisi\u00f3n austriaca que los intereses de algunos pa\u00edses regionales e internacionales en Siria y su voluntad de mantener su hegemon\u00eda est\u00e1 demorando\u00a0la creaci\u00f3n de condiciones propicias que ayudar\u00edan al alcance de \u00a0una soluci\u00f3n pol\u00edtica de la crisis siria.<\/p>\n<p>Kruz dio la bienvenida a los resultados de la reuni\u00f3n internacional de Viena, destacando la necesidad de adoptar una estrategia para impulsar un arreglo pac\u00edfico de la crisis siria sin abordar el asunto del futuro del mandatario sirio.<\/p>\n<p>Asimismo subray\u00f3 la importancia de luchar contra el terrorismo, especialmente la organizaci\u00f3n del Estado Isl\u00e1mico, a trav\u00e9s de la intensificaci\u00f3n de los esfuerzos de los actores internacionales, especialmente Rusia y Washington.<\/p>\n<p>&nbsp;<br \/>\nLynn A.<\/p>\n","protected":false},"excerpt":{"rendered":"<p>Nueva York-Viena, SANA El secretario general de la ONU, Ban Ki Moon asever\u00f3\u00a0que le corresponde solamente al pueblo sirio decidir sobre el futuro de su pa\u00eds y su presidente. En una entrevista al diario espa\u00f1ol \u201cEl Mundo\u201d, Ki Moon dijo: \u201cel futuro del presidente Asad debe ser una cuesti\u00f3n decidida por el pueblo sirio. Es &hellip;<\/p>\n","protected":false},"author":24,"featured_media":22733,"comment_status":"closed","ping_status":"closed","sticky":false,"template":"","format":"standard","meta":{"footnotes":""},"categories":[456,457,576],"tags":[],"class_list":["post-32586","post","type-post","status-publish","format-standard","has-post-thumbnail","","category-arabe-internacional-politica","category-noticias-arabe-internacional-politica","category-noticias-politicas"],"_links":{"self":[{"href":"https:\/\/archive.sana.sy\/es\/index.php?rest_route=\/wp\/v2\/posts\/32586"}],"collection":[{"href":"https:\/\/archive.sana.sy\/es\/index.php?rest_route=\/wp\/v2\/posts"}],"about":[{"href":"https:\/\/archive.sana.sy\/es\/index.php?rest_route=\/wp\/v2\/types\/post"}],"author":[{"embeddable":true,"href":"https:\/\/archive.sana.sy\/es\/index.php?rest_route=\/wp\/v2\/users\/24"}],"replies":[{"embeddable":true,"href":"https:\/\/archive.sana.sy\/es\/index.php?rest_route=%2Fwp%2Fv2%2Fcomments&post=32586"}],"version-history":[{"count":0,"href":"https:\/\/archive.sana.sy\/es\/index.php?rest_route=\/wp\/v2\/posts\/32586\/revisions"}],"wp:featuredmedia":[{"embeddable":true,"href":"https:\/\/archive.sana.sy\/es\/index.php?rest_route=\/wp\/v2\/media\/22733"}],"wp:attachment":[{"href":"https:\/\/archive.sana.sy\/es\/index.php?rest_route=%2Fwp%2Fv2%2Fmedia&parent=32586"}],"wp:term":[{"taxonomy":"category","embeddable":true,"href":"https:\/\/archive.sana.sy\/es\/index.php?rest_route=%2Fwp%2Fv2%2Fcategories&post=32586"},{"taxonomy":"post_tag","embeddable":true,"href":"https:\/\/archive.sana.sy\/es\/index.php?rest_route=%2Fwp%2Fv2%2Ftags&post=32586"}],"curies":[{"name":"wp","href":"https:\/\/api.w.org\/{rel}","templated":true}]}}